{"id":3148,"date":"2017-11-04T20:05:59","date_gmt":"2017-11-04T19:05:59","guid":{"rendered":"http:\/\/www.imagenesyarte.com\/de\/?p=3148"},"modified":"2018-04-14T20:15:11","modified_gmt":"2018-04-14T18:15:11","slug":"jeans-in-kunstwerke-verwandelt","status":"publish","type":"post","link":"https:\/\/www.imagenesyarte.com\/de\/2017\/11\/04\/jeans-in-kunstwerke-verwandelt\/","title":{"rendered":"Jeans in Kunstwerke verwandelt"},"content":{"rendered":"<h4><span class=\"dropcap transparent\" style=\"font-family:'Great Vibes',Arial,Tahoma,sans-serif; color:#ffc013; font-size:70px;height:70px;line-height:70px;width:70px;\">D<\/span>\neutsch<\/p>\n<\/h4>\n<h2><\/h2>\n<p>Ich garantiere Ihnen, dass Sie den K\u00fcnstler, den ich heute pr\u00e4sentiere, nicht so schnell vergessen werden. Sein Genie aus Jeansresten zu erschaffen ist einfach gro\u00dfartig.<\/p>\n<p>Sein Name ist Ian Berry und die Stadt, in der er diese unglaublichen Kreationen macht, ist London. In den meisten seiner Werke sind London, seine Stra\u00dfen, seine Kneipen, seine typischen Etablissements das bevorzugte Motiv.<\/p>\n<p>Das Material, mit dem er arbeitet, sind Jeans in unendlich vielen Grau &#8211; und Blaut\u00f6nen. Eben weil die Palette der Jeansfarben so reichhaltig ist, k\u00f6nnen sie solch einen Farbeffekt erzielen, dass es mit gemalten Bildern verwechselt wird. Die Perspektiven sind sehr gekonnt, alle Details  mit gr\u00f6\u00dfter Sorgfalt herausgearbeitet.<\/p>\n<p>Erst bei Ann\u00e4herung an das Werk bemerkt  der Besucher die Dreidimensionalit\u00e4t der Materialien, die von weitem gesehen, unbemerkt bleiben und mit einem gef\u00e4rbten Stoff verwechselt werden k\u00f6nnen, doch nein, es gibt hunderte von Jeansst\u00fccken in ihren unendlichen Schattierungen, die dieses gro\u00dfe textile Werk bilden.<\/p>\n<p>Der visuelle Effekt ist &#8211; wie Sie sehen k\u00f6nnen &#8211; verbl\u00fcffend.<\/p>\n<p>Mehr zu sehen gibt es von diesem sehr bekannten K\u00fcnstler auf seiner Website sowie ein Video an seinem Arbeitsplatz, das sehr kurios ist. Beides auf Englisch <a href=\"http:\/\/www.denimu.com\"><b>www.denimu.com<\/b><\/a>  und <a href=\"https:\/\/youtu.be\/7M9QtxO6zGg\"><b>https:\/\/youtu.be\/7M9QtxO6zGg<\/b><\/a> <\/p>\n<p><a href=\"http:\/\/www.imagenesyarte.com\/de\/2017\/10\/28\/fantastische-und-exquisite-kreaturen\/\"><b>Letzte Woche<\/b><\/a> haben wir das Duo Lucia und Laura von Criaturas Exquisitas vorgestellt<\/p>\n<h2><\/h2>\n<p><center>__________<\/center><\/p>\n<h2><\/h2>\n<h4><span class=\"dropcap transparent\" style=\"font-family:'Great Vibes',Arial,Tahoma,sans-serif; color:#ffc013; font-size:70px;height:70px;line-height:70px;width:70px;\">E<\/span>\nnglish<\/p>\n<\/h4>\n<h2><\/h2>\n<p>Jeans transformed to artwork<\/p>\n<p>I guarantee that the artist that I present today you will not forget so soon. His genius to create from remnants of denim is simply great.<\/p>\n<p>His name is Ian Berry and the city where he makes these incredible creations is London. In most of his works, London, its streets, its pubs, its typical establishments, are the preferred motive.<\/p>\n<p>The material he works with are jeans dyed in infinite shades of gray and blue. Just because the range of jeans colors is so rich, you can get that paint effect that is confused with painted pictures. The perspectives are masterly made, the details worked with the utmost care.<\/p>\n<p>Only when approaching the work does the visitor  detect the three-dimensionality of the materials, which when seen from afar go unnoticed and can be confused with a flat cloth dyed, but no, there are hundreds and hundreds of pieces of denim in their infinite tones, which make up this great textile work.<\/p>\n<p>The visual effect &#8211; as you can see &#8211; is striking.<\/p>\n<p>More to see of this very renowned artist, here his website and a video in his place of work, which is very curious. It is in English <a href=\"http:\/\/www.denimu.com\"><b>www.denimu.com<\/b><\/a>  and <a href=\"https:\/\/youtu.be\/7M9QtxO6zGg\"><b>https:\/\/youtu.be\/7M9QtxO6zGg<\/b><\/a> <\/p>\n<p><a href=\"http:\/\/www.imagenesyarte.com\/de\/2017\/10\/28\/fantastische-und-exquisite-kreaturen\/\"><b>Last week<\/b><\/a> we presented the Duo Lucia and Laura of Criaturas Exquisitas <\/p>\n<p>no-repeat;center top;;<\/p>\n<p>auto<\/p>\n<p><img decoding=\"async\" src=\"http:\/\/www.imagenesyarte.com\/wp-content\/uploads\/2017\/11\/barra-de-pub-Ian-Berry.jpg\" alt=\"\"\/><\/p>\n<p>center<\/p>\n<p>http:\/\/www.imagenesyarte.com\/wp-content\/uploads\/2017\/11\/barra-de-pub-Ian-Berry.jpg<\/p>\n<p><img decoding=\"async\" src=\"http:\/\/www.imagenesyarte.com\/wp-content\/uploads\/2017\/11\/en-el-metro-Ian-Berry.jpg\" alt=\"\"\/><\/p>\n<p>center<\/p>\n<p>http:\/\/www.imagenesyarte.com\/wp-content\/uploads\/2017\/11\/en-el-metro-Ian-Berry.jpg<\/p>\n<p><img decoding=\"async\" src=\"http:\/\/www.imagenesyarte.com\/wp-content\/uploads\/2017\/11\/mujer-triste-en-bar-Ian-Berry.jpg\" alt=\"\"\/><\/p>\n<p>center<\/p>\n<p>http:\/\/www.imagenesyarte.com\/wp-content\/uploads\/2017\/11\/mujer-triste-en-bar-Ian-Berry.jpg<\/p>\n<p><img decoding=\"async\" src=\"http:\/\/www.imagenesyarte.com\/wp-content\/uploads\/2017\/11\/turistas-por-la-ciudad-Ian-Berry.jpg\" alt=\"\"\/><\/p>\n<p>center<\/p>\n<p>http:\/\/www.imagenesyarte.com\/wp-content\/uploads\/2017\/11\/turistas-por-la-ciudad-Ian-Berry.jpg<\/p>\n<p><img decoding=\"async\" src=\"http:\/\/www.imagenesyarte.com\/wp-content\/uploads\/2017\/11\/nin\u0303as-descansando-Ian-Berry-1-3.jpg\" alt=\"\"\/><\/p>\n<p>center<\/p>\n<p>http:\/\/www.imagenesyarte.com\/wp-content\/uploads\/2017\/11\/nin\u0303as-descansando-Ian-Berry-1-3.jpg<\/p>\n<p><img decoding=\"async\" src=\"http:\/\/www.imagenesyarte.com\/wp-content\/uploads\/2017\/11\/detalles-1-Ian-Berry-1.jpg\" alt=\"\"\/><\/p>\n<p>center<\/p>\n<p>http:\/\/www.imagenesyarte.com\/wp-content\/uploads\/2017\/11\/detalles-1-Ian-Berry-1.jpg<\/p>\n<p><img decoding=\"async\" src=\"http:\/\/www.imagenesyarte.com\/wp-content\/uploads\/2017\/11\/punkies-Ian-Berry-1.jpg\" alt=\"\"\/><\/p>\n<p>center<\/p>\n<p>http:\/\/www.imagenesyarte.com\/wp-content\/uploads\/2017\/11\/punkies-Ian-Berry-1.jpg<\/p>\n<p><img decoding=\"async\" src=\"http:\/\/www.imagenesyarte.com\/wp-content\/uploads\/2017\/11\/detalles-2-Ian-Berry-1.jpg\" alt=\"\"\/><\/p>\n<p>center<\/p>\n<p>http:\/\/www.imagenesyarte.com\/wp-content\/uploads\/2017\/11\/detalles-2-Ian-Berry-1.jpg<\/p>\n<p><img decoding=\"async\" src=\"http:\/\/www.imagenesyarte.com\/wp-content\/uploads\/2017\/11\/en-la-lavanderia-Ian-Berry-2.jpg\" alt=\"\"\/><\/p>\n<p>center<\/p>\n<p>http:\/\/www.imagenesyarte.com\/wp-content\/uploads\/2017\/11\/en-la-lavanderia-Ian-Berry-2.jpg<\/p>\n<p><img decoding=\"async\" src=\"http:\/\/www.imagenesyarte.com\/wp-content\/uploads\/2017\/11\/mujer-en-el-dormitorio-Ian-Berry.jpg\" alt=\"\"\/><\/p>\n<p>center<\/p>\n<p>http:\/\/www.imagenesyarte.com\/wp-content\/uploads\/2017\/11\/mujer-en-el-dormitorio-Ian-Berry.jpg<\/p>\n<p><img decoding=\"async\" src=\"http:\/\/www.imagenesyarte.com\/wp-content\/uploads\/2017\/11\/retrato-con-detalle-Ian-Berry.jpg\" alt=\"\"\/><\/p>\n<p>center<\/p>\n<p>http:\/\/www.imagenesyarte.com\/wp-content\/uploads\/2017\/11\/retrato-con-detalle-Ian-Berry.jpg<\/p>\n<p><img decoding=\"async\" src=\"http:\/\/www.imagenesyarte.com\/wp-content\/uploads\/2017\/11\/tren-de-altura-Ian-Berry.jpg\" alt=\"\"\/><\/p>\n<p>center<\/p>\n<p>http:\/\/www.imagenesyarte.com\/wp-content\/uploads\/2017\/11\/tren-de-altura-Ian-Berry.jpg<\/p>\n<p><img decoding=\"async\" src=\"http:\/\/www.imagenesyarte.com\/wp-content\/uploads\/2017\/11\/calle-inclinada-Ian-Berry-1.jpg\" alt=\"\"\/><\/p>\n<p>center<\/p>\n<p>http:\/\/www.imagenesyarte.com\/wp-content\/uploads\/2017\/11\/calle-inclinada-Ian-Berry-1.jpg<\/p>\n<p><img decoding=\"async\" src=\"http:\/\/www.imagenesyarte.com\/wp-content\/uploads\/2017\/11\/dentro-del-taxi-Ian-Berry-1.jpg\" alt=\"\"\/><\/p>\n<p>center<\/p>\n<p>http:\/\/www.imagenesyarte.com\/wp-content\/uploads\/2017\/11\/dentro-del-taxi-Ian-Berry-1.jpg<\/p>\n<p><img decoding=\"async\" src=\"http:\/\/www.imagenesyarte.com\/wp-content\/uploads\/2017\/11\/bus-y-metro-en-Londres-Ian-Berry-1.jpg\" alt=\"\"\/><\/p>\n<p>center<\/p>\n<p>http:\/\/www.imagenesyarte.com\/wp-content\/uploads\/2017\/11\/bus-y-metro-en-Londres-Ian-Berry-1.jpg<\/p>\n<p><img decoding=\"async\" src=\"http:\/\/www.imagenesyarte.com\/wp-content\/uploads\/2017\/11\/stand-de-discos-Ian-Berry-1.jpg\" alt=\"\"\/><\/p>\n<p>center<\/p>\n<p>http:\/\/www.imagenesyarte.com\/wp-content\/uploads\/2017\/11\/stand-de-discos-Ian-Berry-1.jpg<\/p>\n<p><img decoding=\"async\" src=\"http:\/\/www.imagenesyarte.com\/wp-content\/uploads\/2017\/11\/escalinata-en-entrada-Ian-Berry-1.jpg\" alt=\"\"\/><\/p>\n<p>center<\/p>\n<p>http:\/\/www.imagenesyarte.com\/wp-content\/uploads\/2017\/11\/escalinata-en-entrada-Ian-Berry-1.jpg<\/p>\n<p><img decoding=\"async\" src=\"http:\/\/www.imagenesyarte.com\/wp-content\/uploads\/2017\/11\/personas-desde-arriba-Ian-Berry-1.jpg\" alt=\"\"\/><\/p>\n<p>center<\/p>\n<p>http:\/\/www.imagenesyarte.com\/wp-content\/uploads\/2017\/11\/personas-desde-arriba-Ian-Berry-1.jpg<\/p>\n<p><img decoding=\"async\" src=\"http:\/\/www.imagenesyarte.com\/wp-content\/uploads\/2017\/11\/stand-de-revistas-Ian-Berry-1.jpg\" alt=\"\"\/><\/p>\n<p>center<\/p>\n<p>http:\/\/www.imagenesyarte.com\/wp-content\/uploads\/2017\/11\/stand-de-revistas-Ian-Berry-1.jpg<\/p>\n<p><img decoding=\"async\" src=\"http:\/\/www.imagenesyarte.com\/wp-content\/uploads\/2017\/11\/mujer-en-la-ban\u0303era-Ian-Berry-1.jpg\" alt=\"\"\/><\/p>\n<p>center<\/p>\n<p>http:\/\/www.imagenesyarte.com\/wp-content\/uploads\/2017\/11\/mujer-en-la-ban\u0303era-Ian-Berry-1.jpg<\/p>\n","protected":false},"excerpt":{"rendered":"<p>Das Material, mit dem Ian Berry arbeitet, sind Jeans in unendlich vielen Grau &#8211; und Blaut\u00f6nen. Eben weil die Palette der Jeansfarben so reichhaltig ist, k\u00f6nnen sie solch einen Farbeffekt erzielen, dass es mit gemalten Bildern verwechselt wird. Die Perspektiven sind sehr gekonnt, alle Details  mit gr\u00f6\u00dfter Sorgfalt herausgearbeitet.<\/p>\n","protected":false},"author":1,"featured_media":3149,"comment_status":"open","ping_status":"open","sticky":false,"template":"","format":"standard","meta":{"pmpro_default_level":"","footnotes":""},"categories":[16],"tags":[],"class_list":["post-3148","post","type-post","status-publish","format-standard","has-post-thumbnail","hentry","category-textil","pmpro-has-access"],"yoast_head":"<!-- This site is optimized with the Yoast SEO plugin v27.0 - https:\/\/yoast.com\/product\/yoast-seo-wordpress\/ -->\n<title>Jeans in Kunstwerke verwandelt - Kunst und Bilder<\/title>\n<meta name=\"robots\" content=\"index, follow, max-snippet:-1, max-image-preview:large, max-video-preview:-1\" \/>\n<link rel=\"canonical\" href=\"https:\/\/www.imagenesyarte.com\/de\/2017\/11\/04\/jeans-in-kunstwerke-verwandelt\/\" \/>\n<meta property=\"og:locale\" content=\"de_DE\" \/>\n<meta property=\"og:type\" content=\"article\" \/>\n<meta property=\"og:title\" content=\"Jeans in Kunstwerke verwandelt - Kunst und Bilder\" \/>\n<meta property=\"og:description\" content=\"Das Material, mit dem Ian Berry arbeitet, sind Jeans in unendlich vielen Grau - und Blaut\u00f6nen. Eben weil die Palette der Jeansfarben so reichhaltig ist, k\u00f6nnen sie solch einen Farbeffekt erzielen, dass es mit gemalten Bildern verwechselt wird. Die Perspektiven sind sehr gekonnt, alle Details mit gr\u00f6\u00dfter Sorgfalt herausgearbeitet.\" \/>\n<meta property=\"og:url\" content=\"https:\/\/www.imagenesyarte.com\/de\/2017\/11\/04\/jeans-in-kunstwerke-verwandelt\/\" \/>\n<meta property=\"og:site_name\" content=\"Kunst und Bilder\" \/>\n<meta property=\"article:published_time\" content=\"2017-11-04T19:05:59+00:00\" \/>\n<meta property=\"article:modified_time\" content=\"2018-04-14T18:15:11+00:00\" \/>\n<meta property=\"og:image\" content=\"https:\/\/www.imagenesyarte.com\/de\/wp-content\/uploads\/2017\/11\/portada-Ian-Berry.jpg\" \/>\n\t<meta property=\"og:image:width\" content=\"320\" \/>\n\t<meta property=\"og:image:height\" content=\"200\" \/>\n\t<meta property=\"og:image:type\" content=\"image\/jpeg\" \/>\n<meta name=\"author\" content=\"imagenesyarte\" \/>\n<meta name=\"twitter:card\" content=\"summary_large_image\" \/>\n<meta name=\"twitter:label1\" content=\"Verfasst von\" \/>\n\t<meta name=\"twitter:data1\" content=\"imagenesyarte\" \/>\n\t<meta name=\"twitter:label2\" content=\"Gesch\u00e4tzte Lesezeit\" \/>\n\t<meta name=\"twitter:data2\" content=\"3\u00a0Minuten\" \/>\n<script type=\"application\/ld+json\" class=\"yoast-schema-graph\">{\"@context\":\"https:\/\/schema.org\",\"@graph\":[{\"@type\":\"Article\",\"@id\":\"https:\/\/www.imagenesyarte.com\/de\/2017\/11\/04\/jeans-in-kunstwerke-verwandelt\/#article\",\"isPartOf\":{\"@id\":\"https:\/\/www.imagenesyarte.com\/de\/2017\/11\/04\/jeans-in-kunstwerke-verwandelt\/\"},\"author\":{\"name\":\"imagenesyarte\",\"@id\":\"https:\/\/www.imagenesyarte.com\/de\/#\/schema\/person\/a896cb6efc615ff24c7130340b1b343f\"},\"headline\":\"Jeans in Kunstwerke verwandelt\",\"datePublished\":\"2017-11-04T19:05:59+00:00\",\"dateModified\":\"2018-04-14T18:15:11+00:00\",\"mainEntityOfPage\":{\"@id\":\"https:\/\/www.imagenesyarte.com\/de\/2017\/11\/04\/jeans-in-kunstwerke-verwandelt\/\"},\"wordCount\":670,\"commentCount\":0,\"image\":{\"@id\":\"https:\/\/www.imagenesyarte.com\/de\/2017\/11\/04\/jeans-in-kunstwerke-verwandelt\/#primaryimage\"},\"thumbnailUrl\":\"https:\/\/www.imagenesyarte.com\/de\/wp-content\/uploads\/2017\/11\/portada-Ian-Berry.jpg\",\"articleSection\":[\"Textil\"],\"inLanguage\":\"de\",\"potentialAction\":[{\"@type\":\"CommentAction\",\"name\":\"Comment\",\"target\":[\"https:\/\/www.imagenesyarte.com\/de\/2017\/11\/04\/jeans-in-kunstwerke-verwandelt\/#respond\"]}]},{\"@type\":\"WebPage\",\"@id\":\"https:\/\/www.imagenesyarte.com\/de\/2017\/11\/04\/jeans-in-kunstwerke-verwandelt\/\",\"url\":\"https:\/\/www.imagenesyarte.com\/de\/2017\/11\/04\/jeans-in-kunstwerke-verwandelt\/\",\"name\":\"Jeans in Kunstwerke verwandelt - Kunst und Bilder\",\"isPartOf\":{\"@id\":\"https:\/\/www.imagenesyarte.com\/de\/#website\"},\"primaryImageOfPage\":{\"@id\":\"https:\/\/www.imagenesyarte.com\/de\/2017\/11\/04\/jeans-in-kunstwerke-verwandelt\/#primaryimage\"},\"image\":{\"@id\":\"https:\/\/www.imagenesyarte.com\/de\/2017\/11\/04\/jeans-in-kunstwerke-verwandelt\/#primaryimage\"},\"thumbnailUrl\":\"https:\/\/www.imagenesyarte.com\/de\/wp-content\/uploads\/2017\/11\/portada-Ian-Berry.jpg\",\"datePublished\":\"2017-11-04T19:05:59+00:00\",\"dateModified\":\"2018-04-14T18:15:11+00:00\",\"author\":{\"@id\":\"https:\/\/www.imagenesyarte.com\/de\/#\/schema\/person\/a896cb6efc615ff24c7130340b1b343f\"},\"breadcrumb\":{\"@id\":\"https:\/\/www.imagenesyarte.com\/de\/2017\/11\/04\/jeans-in-kunstwerke-verwandelt\/#breadcrumb\"},\"inLanguage\":\"de\",\"potentialAction\":[{\"@type\":\"ReadAction\",\"target\":[\"https:\/\/www.imagenesyarte.com\/de\/2017\/11\/04\/jeans-in-kunstwerke-verwandelt\/\"]}]},{\"@type\":\"ImageObject\",\"inLanguage\":\"de\",\"@id\":\"https:\/\/www.imagenesyarte.com\/de\/2017\/11\/04\/jeans-in-kunstwerke-verwandelt\/#primaryimage\",\"url\":\"https:\/\/www.imagenesyarte.com\/de\/wp-content\/uploads\/2017\/11\/portada-Ian-Berry.jpg\",\"contentUrl\":\"https:\/\/www.imagenesyarte.com\/de\/wp-content\/uploads\/2017\/11\/portada-Ian-Berry.jpg\",\"width\":320,\"height\":200},{\"@type\":\"BreadcrumbList\",\"@id\":\"https:\/\/www.imagenesyarte.com\/de\/2017\/11\/04\/jeans-in-kunstwerke-verwandelt\/#breadcrumb\",\"itemListElement\":[{\"@type\":\"ListItem\",\"position\":1,\"name\":\"Startseite\",\"item\":\"https:\/\/www.imagenesyarte.com\/de\/\"},{\"@type\":\"ListItem\",\"position\":2,\"name\":\"Jeans in Kunstwerke verwandelt\"}]},{\"@type\":\"WebSite\",\"@id\":\"https:\/\/www.imagenesyarte.com\/de\/#website\",\"url\":\"https:\/\/www.imagenesyarte.com\/de\/\",\"name\":\"Kunst und Bilder\",\"description\":\"Deine t\u00e4gliche Inspiration\",\"potentialAction\":[{\"@type\":\"SearchAction\",\"target\":{\"@type\":\"EntryPoint\",\"urlTemplate\":\"https:\/\/www.imagenesyarte.com\/de\/?s={search_term_string}\"},\"query-input\":{\"@type\":\"PropertyValueSpecification\",\"valueRequired\":true,\"valueName\":\"search_term_string\"}}],\"inLanguage\":\"de\"},{\"@type\":\"Person\",\"@id\":\"https:\/\/www.imagenesyarte.com\/de\/#\/schema\/person\/a896cb6efc615ff24c7130340b1b343f\",\"name\":\"imagenesyarte\",\"image\":{\"@type\":\"ImageObject\",\"inLanguage\":\"de\",\"@id\":\"https:\/\/www.imagenesyarte.com\/de\/#\/schema\/person\/image\/\",\"url\":\"https:\/\/secure.gravatar.com\/avatar\/9eb36beb0ce11d8bfffc4170541f33caf5704b69d3e9367a1ceb24bfac782dbd?s=96&r=g\",\"contentUrl\":\"https:\/\/secure.gravatar.com\/avatar\/9eb36beb0ce11d8bfffc4170541f33caf5704b69d3e9367a1ceb24bfac782dbd?s=96&r=g\",\"caption\":\"imagenesyarte\"},\"url\":\"https:\/\/www.imagenesyarte.com\/de\/author\/imagenesyarte\/\"}]}<\/script>\n<!-- \/ Yoast SEO plugin. -->","yoast_head_json":{"title":"Jeans in Kunstwerke verwandelt - Kunst und Bilder","robots":{"index":"index","follow":"follow","max-snippet":"max-snippet:-1","max-image-preview":"max-image-preview:large","max-video-preview":"max-video-preview:-1"},"canonical":"https:\/\/www.imagenesyarte.com\/de\/2017\/11\/04\/jeans-in-kunstwerke-verwandelt\/","og_locale":"de_DE","og_type":"article","og_title":"Jeans in Kunstwerke verwandelt - Kunst und Bilder","og_description":"Das Material, mit dem Ian Berry arbeitet, sind Jeans in unendlich vielen Grau - und Blaut\u00f6nen. Eben weil die Palette der Jeansfarben so reichhaltig ist, k\u00f6nnen sie solch einen Farbeffekt erzielen, dass es mit gemalten Bildern verwechselt wird. Die Perspektiven sind sehr gekonnt, alle Details mit gr\u00f6\u00dfter Sorgfalt herausgearbeitet.","og_url":"https:\/\/www.imagenesyarte.com\/de\/2017\/11\/04\/jeans-in-kunstwerke-verwandelt\/","og_site_name":"Kunst und Bilder","article_published_time":"2017-11-04T19:05:59+00:00","article_modified_time":"2018-04-14T18:15:11+00:00","og_image":[{"width":320,"height":200,"url":"https:\/\/www.imagenesyarte.com\/de\/wp-content\/uploads\/2017\/11\/portada-Ian-Berry.jpg","type":"image\/jpeg"}],"author":"imagenesyarte","twitter_card":"summary_large_image","twitter_misc":{"Verfasst von":"imagenesyarte","Gesch\u00e4tzte Lesezeit":"3\u00a0Minuten"},"schema":{"@context":"https:\/\/schema.org","@graph":[{"@type":"Article","@id":"https:\/\/www.imagenesyarte.com\/de\/2017\/11\/04\/jeans-in-kunstwerke-verwandelt\/#article","isPartOf":{"@id":"https:\/\/www.imagenesyarte.com\/de\/2017\/11\/04\/jeans-in-kunstwerke-verwandelt\/"},"author":{"name":"imagenesyarte","@id":"https:\/\/www.imagenesyarte.com\/de\/#\/schema\/person\/a896cb6efc615ff24c7130340b1b343f"},"headline":"Jeans in Kunstwerke verwandelt","datePublished":"2017-11-04T19:05:59+00:00","dateModified":"2018-04-14T18:15:11+00:00","mainEntityOfPage":{"@id":"https:\/\/www.imagenesyarte.com\/de\/2017\/11\/04\/jeans-in-kunstwerke-verwandelt\/"},"wordCount":670,"commentCount":0,"image":{"@id":"https:\/\/www.imagenesyarte.com\/de\/2017\/11\/04\/jeans-in-kunstwerke-verwandelt\/#primaryimage"},"thumbnailUrl":"https:\/\/www.imagenesyarte.com\/de\/wp-content\/uploads\/2017\/11\/portada-Ian-Berry.jpg","articleSection":["Textil"],"inLanguage":"de","potentialAction":[{"@type":"CommentAction","name":"Comment","target":["https:\/\/www.imagenesyarte.com\/de\/2017\/11\/04\/jeans-in-kunstwerke-verwandelt\/#respond"]}]},{"@type":"WebPage","@id":"https:\/\/www.imagenesyarte.com\/de\/2017\/11\/04\/jeans-in-kunstwerke-verwandelt\/","url":"https:\/\/www.imagenesyarte.com\/de\/2017\/11\/04\/jeans-in-kunstwerke-verwandelt\/","name":"Jeans in Kunstwerke verwandelt - Kunst und Bilder","isPartOf":{"@id":"https:\/\/www.imagenesyarte.com\/de\/#website"},"primaryImageOfPage":{"@id":"https:\/\/www.imagenesyarte.com\/de\/2017\/11\/04\/jeans-in-kunstwerke-verwandelt\/#primaryimage"},"image":{"@id":"https:\/\/www.imagenesyarte.com\/de\/2017\/11\/04\/jeans-in-kunstwerke-verwandelt\/#primaryimage"},"thumbnailUrl":"https:\/\/www.imagenesyarte.com\/de\/wp-content\/uploads\/2017\/11\/portada-Ian-Berry.jpg","datePublished":"2017-11-04T19:05:59+00:00","dateModified":"2018-04-14T18:15:11+00:00","author":{"@id":"https:\/\/www.imagenesyarte.com\/de\/#\/schema\/person\/a896cb6efc615ff24c7130340b1b343f"},"breadcrumb":{"@id":"https:\/\/www.imagenesyarte.com\/de\/2017\/11\/04\/jeans-in-kunstwerke-verwandelt\/#breadcrumb"},"inLanguage":"de","potentialAction":[{"@type":"ReadAction","target":["https:\/\/www.imagenesyarte.com\/de\/2017\/11\/04\/jeans-in-kunstwerke-verwandelt\/"]}]},{"@type":"ImageObject","inLanguage":"de","@id":"https:\/\/www.imagenesyarte.com\/de\/2017\/11\/04\/jeans-in-kunstwerke-verwandelt\/#primaryimage","url":"https:\/\/www.imagenesyarte.com\/de\/wp-content\/uploads\/2017\/11\/portada-Ian-Berry.jpg","contentUrl":"https:\/\/www.imagenesyarte.com\/de\/wp-content\/uploads\/2017\/11\/portada-Ian-Berry.jpg","width":320,"height":200},{"@type":"BreadcrumbList","@id":"https:\/\/www.imagenesyarte.com\/de\/2017\/11\/04\/jeans-in-kunstwerke-verwandelt\/#breadcrumb","itemListElement":[{"@type":"ListItem","position":1,"name":"Startseite","item":"https:\/\/www.imagenesyarte.com\/de\/"},{"@type":"ListItem","position":2,"name":"Jeans in Kunstwerke verwandelt"}]},{"@type":"WebSite","@id":"https:\/\/www.imagenesyarte.com\/de\/#website","url":"https:\/\/www.imagenesyarte.com\/de\/","name":"Kunst und Bilder","description":"Deine t\u00e4gliche Inspiration","potentialAction":[{"@type":"SearchAction","target":{"@type":"EntryPoint","urlTemplate":"https:\/\/www.imagenesyarte.com\/de\/?s={search_term_string}"},"query-input":{"@type":"PropertyValueSpecification","valueRequired":true,"valueName":"search_term_string"}}],"inLanguage":"de"},{"@type":"Person","@id":"https:\/\/www.imagenesyarte.com\/de\/#\/schema\/person\/a896cb6efc615ff24c7130340b1b343f","name":"imagenesyarte","image":{"@type":"ImageObject","inLanguage":"de","@id":"https:\/\/www.imagenesyarte.com\/de\/#\/schema\/person\/image\/","url":"https:\/\/secure.gravatar.com\/avatar\/9eb36beb0ce11d8bfffc4170541f33caf5704b69d3e9367a1ceb24bfac782dbd?s=96&r=g","contentUrl":"https:\/\/secure.gravatar.com\/avatar\/9eb36beb0ce11d8bfffc4170541f33caf5704b69d3e9367a1ceb24bfac782dbd?s=96&r=g","caption":"imagenesyarte"},"url":"https:\/\/www.imagenesyarte.com\/de\/author\/imagenesyarte\/"}]}},"_links":{"self":[{"href":"https:\/\/www.imagenesyarte.com\/de\/wp-json\/wp\/v2\/posts\/3148","targetHints":{"allow":["GET"]}}],"collection":[{"href":"https:\/\/www.imagenesyarte.com\/de\/wp-json\/wp\/v2\/posts"}],"about":[{"href":"https:\/\/www.imagenesyarte.com\/de\/wp-json\/wp\/v2\/types\/post"}],"author":[{"embeddable":true,"href":"https:\/\/www.imagenesyarte.com\/de\/wp-json\/wp\/v2\/users\/1"}],"replies":[{"embeddable":true,"href":"https:\/\/www.imagenesyarte.com\/de\/wp-json\/wp\/v2\/comments?post=3148"}],"version-history":[{"count":2,"href":"https:\/\/www.imagenesyarte.com\/de\/wp-json\/wp\/v2\/posts\/3148\/revisions"}],"predecessor-version":[{"id":3154,"href":"https:\/\/www.imagenesyarte.com\/de\/wp-json\/wp\/v2\/posts\/3148\/revisions\/3154"}],"wp:featuredmedia":[{"embeddable":true,"href":"https:\/\/www.imagenesyarte.com\/de\/wp-json\/wp\/v2\/media\/3149"}],"wp:attachment":[{"href":"https:\/\/www.imagenesyarte.com\/de\/wp-json\/wp\/v2\/media?parent=3148"}],"wp:term":[{"taxonomy":"category","embeddable":true,"href":"https:\/\/www.imagenesyarte.com\/de\/wp-json\/wp\/v2\/categories?post=3148"},{"taxonomy":"post_tag","embeddable":true,"href":"https:\/\/www.imagenesyarte.com\/de\/wp-json\/wp\/v2\/tags?post=3148"}],"curies":[{"name":"wp","href":"https:\/\/api.w.org\/{rel}","templated":true}]}}