{"id":3260,"date":"2018-02-17T13:16:22","date_gmt":"2018-02-17T12:16:22","guid":{"rendered":"http:\/\/www.imagenesyarte.com\/de\/?p=3260"},"modified":"2018-04-14T20:00:09","modified_gmt":"2018-04-14T18:00:09","slug":"minimalistisches-design-auf-ihrem-tisch","status":"publish","type":"post","link":"https:\/\/www.imagenesyarte.com\/de\/2018\/02\/17\/minimalistisches-design-auf-ihrem-tisch\/","title":{"rendered":"Minimalistisches Design auf Ihrem Tisch"},"content":{"rendered":"<h4><span class=\"dropcap transparent\" style=\"font-family:'Great Vibes',Arial,Tahoma,sans-serif; color:#ffc013; font-size:70px;height:70px;line-height:70px;width:70px;\">D<\/span>\neutsch<\/p>\n<\/h4>\n<h2><\/h2>\n<p>Wir pr\u00e4sentieren heute die Keramikdesignerin Rina Menardi aus Italien, die seit 1980 ihre Leidenschaft lebt und Keramik kreiert, die sich durch ihre einfachen Linien und ihre zarten Farben auszeichnet.<\/p>\n<p>Jedes St\u00fcck ist einzigartig und ein Kunstwerk f\u00fcr sich. Rina erzielt in ihrer Arbeit eine ungew\u00f6hnliche minimalistische \u00c4sthetik. Ihre Werke haben feine W\u00e4nde, erdene T\u00f6ne sowie Pastellt\u00f6ne wie Rosa, Hellblau oder Lila. Wann immer sie Farbe verwendet, ist es ein sehr zarter Ton. Auch spielt sie gerne mit Craquel\u00e9; Wei\u00df und Schwarz spielen ebenso eine wichtige Rolle, besonders letzteres verleiht ihren Werken eine sehr elegante Note.<\/p>\n<p>Rina Menardis Kollektionen sind eine Verschmelzung von Kunst, Design und Funktionalit\u00e4t, wobei die \u00c4sthetik im Mittelpunkt steht. Man findet sie in den ber\u00fchmtesten Kunstgalerien, in Luxusrestaurants und nat\u00fcrlich in Privath\u00e4usern, die Wert auf Kunst auf ihrem Tisch legen.<\/p>\n<p>Sie k\u00f6nnen mehr von dieser Keramikdesignerin bei <a href=\"http:\/\/www.rinamenardi.com\/ \"><b>http:\/\/www.rinamenardi.com\/<\/b> <\/a> sehen.<\/p>\n<p><a href=\"http:\/\/www.imagenesyarte.com\/de\/2018\/02\/11\/fische-und-voegel-in-der-luft\/\"><b>Letzte Woche<\/b><\/a> pr\u00e4sentierte die K\u00fcnstlerin Tifenn Python<\/p>\n<h2><\/h2>\n<p><center>__________<\/center><\/p>\n<h2><\/h2>\n<h4><span class=\"dropcap transparent\" style=\"font-family:'Great Vibes',Arial,Tahoma,sans-serif; color:#ffc013; font-size:70px;height:70px;line-height:70px;width:70px;\">E<\/span>\nnglish<\/p>\n<\/h4>\n<h2><\/h2>\n<p>Minimalist design on your table<\/p>\n<p>We present today the ceramic designer Rina Menardi from Italy, who since 1980 lives her passion, creating ceramics which are characterized by their simple lines and their delicate colors.<\/p>\n<p>Each piece is unique and a work of art in itself. Rina expresses herself through her work and achieves an unusual minimalist aesthetic. Her pieces are of fine walls, tones of the earth, or pastel tones, like pink, light blue or purple. Whenever she uses color, that is very soft tone. Also does she like to play with craquelure, and also white and black play an important role, especially the latter gives her pieces a very elegant touch.<\/p>\n<p>Rina Menardi&#8217;s collections are a fusion of art, design and functionality, where aesthetics is its main focus. You can find them in the most famous art galleries, as well as in luxury restaurants and of course in private homes that value art on their table.<\/p>\n<p>You can see more of this ceramist designer at <a href=\"http:\/\/www.rinamenardi.com\/\"><b>http:\/\/www.rinamenardi.com\/<\/b><\/a> <\/p>\n<p><a href=\"http:\/\/www.imagenesyarte.com\/de\/2018\/02\/11\/fische-und-voegel-in-der-luft\/\"><b>Last week<\/b><\/a> the artist presented was Tifenn Python<\/p>\n<p>no-repeat;center top;;<\/p>\n<p>auto<\/p>\n<p><img decoding=\"async\" src=\"http:\/\/www.imagenesyarte.com\/wp-content\/uploads\/2018\/02\/2-Disen\u0303o-minimalista-en-su-mesa-Rina-Menardi.jpg\" alt=\"\"\/><\/p>\n<p>center<\/p>\n<p>http:\/\/www.imagenesyarte.com\/wp-content\/uploads\/2018\/02\/2-Disen\u0303o-minimalista-en-su-mesa-Rina-Menardi.jpg<\/p>\n<p><img decoding=\"async\" src=\"http:\/\/www.imagenesyarte.com\/wp-content\/uploads\/2018\/02\/3-Disen\u0303o-minimalista-en-su-mesa-Rina-Menardi.jpg\" alt=\"\"\/><\/p>\n<p>center<\/p>\n<p>http:\/\/www.imagenesyarte.com\/wp-content\/uploads\/2018\/02\/3-Disen\u0303o-minimalista-en-su-mesa-Rina-Menardi.jpg<\/p>\n<p><img decoding=\"async\" src=\"http:\/\/www.imagenesyarte.com\/wp-content\/uploads\/2018\/02\/13-Disen\u0303o-minimalista-en-su-mesa-Rina-Menardi.jpg\" alt=\"\"\/><\/p>\n<p>center<\/p>\n<p>http:\/\/www.imagenesyarte.com\/wp-content\/uploads\/2018\/02\/13-Disen\u0303o-minimalista-en-su-mesa-Rina-Menardi.jpg<\/p>\n<p><img decoding=\"async\" src=\"http:\/\/www.imagenesyarte.com\/wp-content\/uploads\/2018\/02\/10-Disen\u0303o-minimalista-en-su-mesa-Rina-Menardi.jpg\" alt=\"\"\/><\/p>\n<p>center<\/p>\n<p>http:\/\/www.imagenesyarte.com\/wp-content\/uploads\/2018\/02\/10-Disen\u0303o-minimalista-en-su-mesa-Rina-Menardi.jpg<\/p>\n<p><img decoding=\"async\" src=\"http:\/\/www.imagenesyarte.com\/wp-content\/uploads\/2018\/02\/6-Disen\u0303o-minimalista-en-su-mesa-Rina-Menardi.jpg\" alt=\"\"\/><\/p>\n<p>center<\/p>\n<p>http:\/\/www.imagenesyarte.com\/wp-content\/uploads\/2018\/02\/6-Disen\u0303o-minimalista-en-su-mesa-Rina-Menardi.jpg<\/p>\n<p><img decoding=\"async\" src=\"http:\/\/www.imagenesyarte.com\/wp-content\/uploads\/2018\/02\/7-Disen\u0303o-minimalista-en-su-mesa-Rina-Menardi.jpg\" alt=\"\"\/><\/p>\n<p>center<\/p>\n<p>http:\/\/www.imagenesyarte.com\/wp-content\/uploads\/2018\/02\/7-Disen\u0303o-minimalista-en-su-mesa-Rina-Menardi.jpg<\/p>\n<p><img decoding=\"async\" src=\"http:\/\/www.imagenesyarte.com\/wp-content\/uploads\/2018\/02\/8-Disen\u0303o-minimalista-en-su-mesa-Rina-Menardi.jpg\" alt=\"\"\/><\/p>\n<p>center<\/p>\n<p>http:\/\/www.imagenesyarte.com\/wp-content\/uploads\/2018\/02\/8-Disen\u0303o-minimalista-en-su-mesa-Rina-Menardi.jpg<\/p>\n<p><img decoding=\"async\" src=\"http:\/\/www.imagenesyarte.com\/wp-content\/uploads\/2018\/02\/9-Disen\u0303o-minimalista-en-su-mesa-Rina-Menardi.jpg\" alt=\"\"\/><\/p>\n<p>center<\/p>\n<p>http:\/\/www.imagenesyarte.com\/wp-content\/uploads\/2018\/02\/9-Disen\u0303o-minimalista-en-su-mesa-Rina-Menardi.jpg<\/p>\n<p><img decoding=\"async\" src=\"http:\/\/www.imagenesyarte.com\/wp-content\/uploads\/2018\/02\/4-Disen\u0303o-minimalista-en-su-mesa-Rina-Menardi.jpg\" alt=\"\"\/><\/p>\n<p>center<\/p>\n<p>http:\/\/www.imagenesyarte.com\/wp-content\/uploads\/2018\/02\/4-Disen\u0303o-minimalista-en-su-mesa-Rina-Menardi.jpg<\/p>\n<p><img decoding=\"async\" src=\"http:\/\/www.imagenesyarte.com\/wp-content\/uploads\/2018\/02\/11-Disen\u0303o-minimalista-en-su-mesa-Rina-Menardi.jpg\" alt=\"\"\/><\/p>\n<p>center<\/p>\n<p>http:\/\/www.imagenesyarte.com\/wp-content\/uploads\/2018\/02\/11-Disen\u0303o-minimalista-en-su-mesa-Rina-Menardi.jpg<\/p>\n<p><img decoding=\"async\" src=\"http:\/\/www.imagenesyarte.com\/wp-content\/uploads\/2018\/02\/12-Disen\u0303o-minimalista-en-su-mesa-Rina-Menardi.jpg\" alt=\"\"\/><\/p>\n<p>center<\/p>\n<p>http:\/\/www.imagenesyarte.com\/wp-content\/uploads\/2018\/02\/12-Disen\u0303o-minimalista-en-su-mesa-Rina-Menardi.jpg<\/p>\n<p><img decoding=\"async\" src=\"http:\/\/www.imagenesyarte.com\/wp-content\/uploads\/2018\/02\/5-Disen\u0303o-minimalista-en-su-mesa-Rina-Menardi.jpg\" alt=\"\"\/><\/p>\n<p>center<\/p>\n<p>http:\/\/www.imagenesyarte.com\/wp-content\/uploads\/2018\/02\/5-Disen\u0303o-minimalista-en-su-mesa-Rina-Menardi.jpg<\/p>\n","protected":false},"excerpt":{"rendered":"<p>Wir pr\u00e4sentieren heute die Keramikdesignerin Rina Menardi aus Italien, die seit 1980 ihre Leidenschaft lebt und Keramik kreiert, die sich durch ihre einfachen Linien und ihre zarten Farben auszeichnet<\/p>\n","protected":false},"author":1,"featured_media":3259,"comment_status":"open","ping_status":"open","sticky":false,"template":"","format":"standard","meta":{"pmpro_default_level":"","footnotes":""},"categories":[18],"tags":[],"class_list":["post-3260","post","type-post","status-publish","format-standard","has-post-thumbnail","hentry","category-keramik","pmpro-has-access"],"yoast_head":"<!-- This site is optimized with the Yoast SEO plugin v27.0 - https:\/\/yoast.com\/product\/yoast-seo-wordpress\/ -->\n<title>Minimalistisches Design auf Ihrem Tisch - Kunst und Bilder<\/title>\n<meta name=\"robots\" content=\"index, follow, max-snippet:-1, max-image-preview:large, max-video-preview:-1\" \/>\n<link rel=\"canonical\" href=\"https:\/\/www.imagenesyarte.com\/de\/2018\/02\/17\/minimalistisches-design-auf-ihrem-tisch\/\" \/>\n<meta property=\"og:locale\" content=\"de_DE\" \/>\n<meta property=\"og:type\" content=\"article\" \/>\n<meta property=\"og:title\" content=\"Minimalistisches Design auf Ihrem Tisch - Kunst und Bilder\" \/>\n<meta property=\"og:description\" content=\"Wir pr\u00e4sentieren heute die Keramikdesignerin Rina Menardi aus Italien, die seit 1980 ihre Leidenschaft lebt und Keramik kreiert, die sich durch ihre einfachen Linien und ihre zarten Farben auszeichnet\" \/>\n<meta property=\"og:url\" content=\"https:\/\/www.imagenesyarte.com\/de\/2018\/02\/17\/minimalistisches-design-auf-ihrem-tisch\/\" \/>\n<meta property=\"og:site_name\" content=\"Kunst und Bilder\" \/>\n<meta property=\"article:published_time\" content=\"2018-02-17T12:16:22+00:00\" \/>\n<meta property=\"article:modified_time\" content=\"2018-04-14T18:00:09+00:00\" \/>\n<meta property=\"og:image\" content=\"https:\/\/www.imagenesyarte.com\/de\/wp-content\/uploads\/2018\/02\/abdecken-Minimalistisches-Design-auf-Ihrem-Tisch-Rina-Menardi.jpg\" \/>\n\t<meta property=\"og:image:width\" content=\"320\" \/>\n\t<meta property=\"og:image:height\" content=\"200\" \/>\n\t<meta property=\"og:image:type\" content=\"image\/jpeg\" \/>\n<meta name=\"author\" content=\"imagenesyarte\" \/>\n<meta name=\"twitter:card\" content=\"summary_large_image\" \/>\n<meta name=\"twitter:label1\" content=\"Verfasst von\" \/>\n\t<meta name=\"twitter:data1\" content=\"imagenesyarte\" \/>\n\t<meta name=\"twitter:label2\" content=\"Gesch\u00e4tzte Lesezeit\" \/>\n\t<meta name=\"twitter:data2\" content=\"2\u00a0Minuten\" \/>\n<script type=\"application\/ld+json\" class=\"yoast-schema-graph\">{\"@context\":\"https:\/\/schema.org\",\"@graph\":[{\"@type\":\"Article\",\"@id\":\"https:\/\/www.imagenesyarte.com\/de\/2018\/02\/17\/minimalistisches-design-auf-ihrem-tisch\/#article\",\"isPartOf\":{\"@id\":\"https:\/\/www.imagenesyarte.com\/de\/2018\/02\/17\/minimalistisches-design-auf-ihrem-tisch\/\"},\"author\":{\"name\":\"imagenesyarte\",\"@id\":\"https:\/\/www.imagenesyarte.com\/de\/#\/schema\/person\/a896cb6efc615ff24c7130340b1b343f\"},\"headline\":\"Minimalistisches Design auf Ihrem Tisch\",\"datePublished\":\"2018-02-17T12:16:22+00:00\",\"dateModified\":\"2018-04-14T18:00:09+00:00\",\"mainEntityOfPage\":{\"@id\":\"https:\/\/www.imagenesyarte.com\/de\/2018\/02\/17\/minimalistisches-design-auf-ihrem-tisch\/\"},\"wordCount\":497,\"commentCount\":0,\"image\":{\"@id\":\"https:\/\/www.imagenesyarte.com\/de\/2018\/02\/17\/minimalistisches-design-auf-ihrem-tisch\/#primaryimage\"},\"thumbnailUrl\":\"https:\/\/www.imagenesyarte.com\/de\/wp-content\/uploads\/2018\/02\/abdecken-Minimalistisches-Design-auf-Ihrem-Tisch-Rina-Menardi.jpg\",\"articleSection\":[\"Keramik\"],\"inLanguage\":\"de\",\"potentialAction\":[{\"@type\":\"CommentAction\",\"name\":\"Comment\",\"target\":[\"https:\/\/www.imagenesyarte.com\/de\/2018\/02\/17\/minimalistisches-design-auf-ihrem-tisch\/#respond\"]}]},{\"@type\":\"WebPage\",\"@id\":\"https:\/\/www.imagenesyarte.com\/de\/2018\/02\/17\/minimalistisches-design-auf-ihrem-tisch\/\",\"url\":\"https:\/\/www.imagenesyarte.com\/de\/2018\/02\/17\/minimalistisches-design-auf-ihrem-tisch\/\",\"name\":\"Minimalistisches Design auf Ihrem Tisch - Kunst und Bilder\",\"isPartOf\":{\"@id\":\"https:\/\/www.imagenesyarte.com\/de\/#website\"},\"primaryImageOfPage\":{\"@id\":\"https:\/\/www.imagenesyarte.com\/de\/2018\/02\/17\/minimalistisches-design-auf-ihrem-tisch\/#primaryimage\"},\"image\":{\"@id\":\"https:\/\/www.imagenesyarte.com\/de\/2018\/02\/17\/minimalistisches-design-auf-ihrem-tisch\/#primaryimage\"},\"thumbnailUrl\":\"https:\/\/www.imagenesyarte.com\/de\/wp-content\/uploads\/2018\/02\/abdecken-Minimalistisches-Design-auf-Ihrem-Tisch-Rina-Menardi.jpg\",\"datePublished\":\"2018-02-17T12:16:22+00:00\",\"dateModified\":\"2018-04-14T18:00:09+00:00\",\"author\":{\"@id\":\"https:\/\/www.imagenesyarte.com\/de\/#\/schema\/person\/a896cb6efc615ff24c7130340b1b343f\"},\"breadcrumb\":{\"@id\":\"https:\/\/www.imagenesyarte.com\/de\/2018\/02\/17\/minimalistisches-design-auf-ihrem-tisch\/#breadcrumb\"},\"inLanguage\":\"de\",\"potentialAction\":[{\"@type\":\"ReadAction\",\"target\":[\"https:\/\/www.imagenesyarte.com\/de\/2018\/02\/17\/minimalistisches-design-auf-ihrem-tisch\/\"]}]},{\"@type\":\"ImageObject\",\"inLanguage\":\"de\",\"@id\":\"https:\/\/www.imagenesyarte.com\/de\/2018\/02\/17\/minimalistisches-design-auf-ihrem-tisch\/#primaryimage\",\"url\":\"https:\/\/www.imagenesyarte.com\/de\/wp-content\/uploads\/2018\/02\/abdecken-Minimalistisches-Design-auf-Ihrem-Tisch-Rina-Menardi.jpg\",\"contentUrl\":\"https:\/\/www.imagenesyarte.com\/de\/wp-content\/uploads\/2018\/02\/abdecken-Minimalistisches-Design-auf-Ihrem-Tisch-Rina-Menardi.jpg\",\"width\":320,\"height\":200,\"caption\":\"abdecken Minimalistisches Design auf Ihrem Tisch Rina Menardi Kunst und Bilder\"},{\"@type\":\"BreadcrumbList\",\"@id\":\"https:\/\/www.imagenesyarte.com\/de\/2018\/02\/17\/minimalistisches-design-auf-ihrem-tisch\/#breadcrumb\",\"itemListElement\":[{\"@type\":\"ListItem\",\"position\":1,\"name\":\"Startseite\",\"item\":\"https:\/\/www.imagenesyarte.com\/de\/\"},{\"@type\":\"ListItem\",\"position\":2,\"name\":\"Minimalistisches Design auf Ihrem Tisch\"}]},{\"@type\":\"WebSite\",\"@id\":\"https:\/\/www.imagenesyarte.com\/de\/#website\",\"url\":\"https:\/\/www.imagenesyarte.com\/de\/\",\"name\":\"Kunst und Bilder\",\"description\":\"Deine t\u00e4gliche Inspiration\",\"potentialAction\":[{\"@type\":\"SearchAction\",\"target\":{\"@type\":\"EntryPoint\",\"urlTemplate\":\"https:\/\/www.imagenesyarte.com\/de\/?s={search_term_string}\"},\"query-input\":{\"@type\":\"PropertyValueSpecification\",\"valueRequired\":true,\"valueName\":\"search_term_string\"}}],\"inLanguage\":\"de\"},{\"@type\":\"Person\",\"@id\":\"https:\/\/www.imagenesyarte.com\/de\/#\/schema\/person\/a896cb6efc615ff24c7130340b1b343f\",\"name\":\"imagenesyarte\",\"image\":{\"@type\":\"ImageObject\",\"inLanguage\":\"de\",\"@id\":\"https:\/\/www.imagenesyarte.com\/de\/#\/schema\/person\/image\/\",\"url\":\"https:\/\/secure.gravatar.com\/avatar\/9eb36beb0ce11d8bfffc4170541f33caf5704b69d3e9367a1ceb24bfac782dbd?s=96&r=g\",\"contentUrl\":\"https:\/\/secure.gravatar.com\/avatar\/9eb36beb0ce11d8bfffc4170541f33caf5704b69d3e9367a1ceb24bfac782dbd?s=96&r=g\",\"caption\":\"imagenesyarte\"},\"url\":\"https:\/\/www.imagenesyarte.com\/de\/author\/imagenesyarte\/\"}]}<\/script>\n<!-- \/ Yoast SEO plugin. -->","yoast_head_json":{"title":"Minimalistisches Design auf Ihrem Tisch - Kunst und Bilder","robots":{"index":"index","follow":"follow","max-snippet":"max-snippet:-1","max-image-preview":"max-image-preview:large","max-video-preview":"max-video-preview:-1"},"canonical":"https:\/\/www.imagenesyarte.com\/de\/2018\/02\/17\/minimalistisches-design-auf-ihrem-tisch\/","og_locale":"de_DE","og_type":"article","og_title":"Minimalistisches Design auf Ihrem Tisch - Kunst und Bilder","og_description":"Wir pr\u00e4sentieren heute die Keramikdesignerin Rina Menardi aus Italien, die seit 1980 ihre Leidenschaft lebt und Keramik kreiert, die sich durch ihre einfachen Linien und ihre zarten Farben auszeichnet","og_url":"https:\/\/www.imagenesyarte.com\/de\/2018\/02\/17\/minimalistisches-design-auf-ihrem-tisch\/","og_site_name":"Kunst und Bilder","article_published_time":"2018-02-17T12:16:22+00:00","article_modified_time":"2018-04-14T18:00:09+00:00","og_image":[{"width":320,"height":200,"url":"https:\/\/www.imagenesyarte.com\/de\/wp-content\/uploads\/2018\/02\/abdecken-Minimalistisches-Design-auf-Ihrem-Tisch-Rina-Menardi.jpg","type":"image\/jpeg"}],"author":"imagenesyarte","twitter_card":"summary_large_image","twitter_misc":{"Verfasst von":"imagenesyarte","Gesch\u00e4tzte Lesezeit":"2\u00a0Minuten"},"schema":{"@context":"https:\/\/schema.org","@graph":[{"@type":"Article","@id":"https:\/\/www.imagenesyarte.com\/de\/2018\/02\/17\/minimalistisches-design-auf-ihrem-tisch\/#article","isPartOf":{"@id":"https:\/\/www.imagenesyarte.com\/de\/2018\/02\/17\/minimalistisches-design-auf-ihrem-tisch\/"},"author":{"name":"imagenesyarte","@id":"https:\/\/www.imagenesyarte.com\/de\/#\/schema\/person\/a896cb6efc615ff24c7130340b1b343f"},"headline":"Minimalistisches Design auf Ihrem Tisch","datePublished":"2018-02-17T12:16:22+00:00","dateModified":"2018-04-14T18:00:09+00:00","mainEntityOfPage":{"@id":"https:\/\/www.imagenesyarte.com\/de\/2018\/02\/17\/minimalistisches-design-auf-ihrem-tisch\/"},"wordCount":497,"commentCount":0,"image":{"@id":"https:\/\/www.imagenesyarte.com\/de\/2018\/02\/17\/minimalistisches-design-auf-ihrem-tisch\/#primaryimage"},"thumbnailUrl":"https:\/\/www.imagenesyarte.com\/de\/wp-content\/uploads\/2018\/02\/abdecken-Minimalistisches-Design-auf-Ihrem-Tisch-Rina-Menardi.jpg","articleSection":["Keramik"],"inLanguage":"de","potentialAction":[{"@type":"CommentAction","name":"Comment","target":["https:\/\/www.imagenesyarte.com\/de\/2018\/02\/17\/minimalistisches-design-auf-ihrem-tisch\/#respond"]}]},{"@type":"WebPage","@id":"https:\/\/www.imagenesyarte.com\/de\/2018\/02\/17\/minimalistisches-design-auf-ihrem-tisch\/","url":"https:\/\/www.imagenesyarte.com\/de\/2018\/02\/17\/minimalistisches-design-auf-ihrem-tisch\/","name":"Minimalistisches Design auf Ihrem Tisch - Kunst und Bilder","isPartOf":{"@id":"https:\/\/www.imagenesyarte.com\/de\/#website"},"primaryImageOfPage":{"@id":"https:\/\/www.imagenesyarte.com\/de\/2018\/02\/17\/minimalistisches-design-auf-ihrem-tisch\/#primaryimage"},"image":{"@id":"https:\/\/www.imagenesyarte.com\/de\/2018\/02\/17\/minimalistisches-design-auf-ihrem-tisch\/#primaryimage"},"thumbnailUrl":"https:\/\/www.imagenesyarte.com\/de\/wp-content\/uploads\/2018\/02\/abdecken-Minimalistisches-Design-auf-Ihrem-Tisch-Rina-Menardi.jpg","datePublished":"2018-02-17T12:16:22+00:00","dateModified":"2018-04-14T18:00:09+00:00","author":{"@id":"https:\/\/www.imagenesyarte.com\/de\/#\/schema\/person\/a896cb6efc615ff24c7130340b1b343f"},"breadcrumb":{"@id":"https:\/\/www.imagenesyarte.com\/de\/2018\/02\/17\/minimalistisches-design-auf-ihrem-tisch\/#breadcrumb"},"inLanguage":"de","potentialAction":[{"@type":"ReadAction","target":["https:\/\/www.imagenesyarte.com\/de\/2018\/02\/17\/minimalistisches-design-auf-ihrem-tisch\/"]}]},{"@type":"ImageObject","inLanguage":"de","@id":"https:\/\/www.imagenesyarte.com\/de\/2018\/02\/17\/minimalistisches-design-auf-ihrem-tisch\/#primaryimage","url":"https:\/\/www.imagenesyarte.com\/de\/wp-content\/uploads\/2018\/02\/abdecken-Minimalistisches-Design-auf-Ihrem-Tisch-Rina-Menardi.jpg","contentUrl":"https:\/\/www.imagenesyarte.com\/de\/wp-content\/uploads\/2018\/02\/abdecken-Minimalistisches-Design-auf-Ihrem-Tisch-Rina-Menardi.jpg","width":320,"height":200,"caption":"abdecken Minimalistisches Design auf Ihrem Tisch Rina Menardi Kunst und Bilder"},{"@type":"BreadcrumbList","@id":"https:\/\/www.imagenesyarte.com\/de\/2018\/02\/17\/minimalistisches-design-auf-ihrem-tisch\/#breadcrumb","itemListElement":[{"@type":"ListItem","position":1,"name":"Startseite","item":"https:\/\/www.imagenesyarte.com\/de\/"},{"@type":"ListItem","position":2,"name":"Minimalistisches Design auf Ihrem Tisch"}]},{"@type":"WebSite","@id":"https:\/\/www.imagenesyarte.com\/de\/#website","url":"https:\/\/www.imagenesyarte.com\/de\/","name":"Kunst und Bilder","description":"Deine t\u00e4gliche Inspiration","potentialAction":[{"@type":"SearchAction","target":{"@type":"EntryPoint","urlTemplate":"https:\/\/www.imagenesyarte.com\/de\/?s={search_term_string}"},"query-input":{"@type":"PropertyValueSpecification","valueRequired":true,"valueName":"search_term_string"}}],"inLanguage":"de"},{"@type":"Person","@id":"https:\/\/www.imagenesyarte.com\/de\/#\/schema\/person\/a896cb6efc615ff24c7130340b1b343f","name":"imagenesyarte","image":{"@type":"ImageObject","inLanguage":"de","@id":"https:\/\/www.imagenesyarte.com\/de\/#\/schema\/person\/image\/","url":"https:\/\/secure.gravatar.com\/avatar\/9eb36beb0ce11d8bfffc4170541f33caf5704b69d3e9367a1ceb24bfac782dbd?s=96&r=g","contentUrl":"https:\/\/secure.gravatar.com\/avatar\/9eb36beb0ce11d8bfffc4170541f33caf5704b69d3e9367a1ceb24bfac782dbd?s=96&r=g","caption":"imagenesyarte"},"url":"https:\/\/www.imagenesyarte.com\/de\/author\/imagenesyarte\/"}]}},"_links":{"self":[{"href":"https:\/\/www.imagenesyarte.com\/de\/wp-json\/wp\/v2\/posts\/3260","targetHints":{"allow":["GET"]}}],"collection":[{"href":"https:\/\/www.imagenesyarte.com\/de\/wp-json\/wp\/v2\/posts"}],"about":[{"href":"https:\/\/www.imagenesyarte.com\/de\/wp-json\/wp\/v2\/types\/post"}],"author":[{"embeddable":true,"href":"https:\/\/www.imagenesyarte.com\/de\/wp-json\/wp\/v2\/users\/1"}],"replies":[{"embeddable":true,"href":"https:\/\/www.imagenesyarte.com\/de\/wp-json\/wp\/v2\/comments?post=3260"}],"version-history":[{"count":2,"href":"https:\/\/www.imagenesyarte.com\/de\/wp-json\/wp\/v2\/posts\/3260\/revisions"}],"predecessor-version":[{"id":3262,"href":"https:\/\/www.imagenesyarte.com\/de\/wp-json\/wp\/v2\/posts\/3260\/revisions\/3262"}],"wp:featuredmedia":[{"embeddable":true,"href":"https:\/\/www.imagenesyarte.com\/de\/wp-json\/wp\/v2\/media\/3259"}],"wp:attachment":[{"href":"https:\/\/www.imagenesyarte.com\/de\/wp-json\/wp\/v2\/media?parent=3260"}],"wp:term":[{"taxonomy":"category","embeddable":true,"href":"https:\/\/www.imagenesyarte.com\/de\/wp-json\/wp\/v2\/categories?post=3260"},{"taxonomy":"post_tag","embeddable":true,"href":"https:\/\/www.imagenesyarte.com\/de\/wp-json\/wp\/v2\/tags?post=3260"}],"curies":[{"name":"wp","href":"https:\/\/api.w.org\/{rel}","templated":true}]}}