{"id":3264,"date":"2018-02-24T08:00:07","date_gmt":"2018-02-24T07:00:07","guid":{"rendered":"http:\/\/www.imagenesyarte.com\/de\/?p=3264"},"modified":"2018-04-14T19:59:11","modified_gmt":"2018-04-14T17:59:11","slug":"berthe-morisot","status":"publish","type":"post","link":"https:\/\/www.imagenesyarte.com\/de\/2018\/02\/24\/berthe-morisot\/","title":{"rendered":"Berthe Morisot"},"content":{"rendered":"<h4><span class=\"dropcap transparent\" style=\"font-family:'Great Vibes',Arial,Tahoma,sans-serif; color:#ffc013; font-size:70px;height:70px;line-height:70px;width:70px;\">D<\/span>\neutsch<\/p>\n<\/h4>\n<h2><\/h2>\n<p>Die K\u00fcnstlerin der Klassiker dieses Monats ist Berthe Morisot. Von franz\u00f6sischer Nationalit\u00e4t lebte sie zwischen 1841 und 1895, als Zeitgenossin der Impressionisten, und nicht nur das, sie lebte und arbeitete auch mit ihnen als einzige Frau in der Gruppe.<\/p>\n<p>Berthe stellte ihr brillantes Werk in den fortgeschrittensten und avantgardistischsten Ausstellungen aus und erntete zusammen mit den ber\u00fchmtesten M\u00e4nnern die Kritik der Bourgeoisie, die die neue Form der Malerei l\u00e4cherlich machten und die akademische Kunst als die einzige wahre Kunst verstanden und um jeden Preis verteidigten . Sie wussten derzeit noch nicht, dass die \u00c4ra der modernen Kunst gerade erst begonnen hatte.<\/p>\n<p>Ohne auf Details ihres Lebens und ihrer Arbeit einzugehen, m\u00f6chte ich nur erw\u00e4hnen, dass sie von Manet und anderen Impressionisten der Gruppe sehr gesch\u00e4tzt wurde, aber dass sie im Laufe der Zeit, als Frau, von dem grossen Ruhm, den die M\u00e4nner erlebten, ausgeschlossen blieb.<\/p>\n<p>Deshalb habe ich beschlossen, ihr Werk hier zu zeigen, ein Werk, das den gro\u00dfen Meistern des Impressionismus nichts zu beneiden hat.<\/p>\n<p>Schauen Sie sich die Auswahl der Bilder an, die ich vorbereitet habe, und das Video, das von ihr und ihrer Lebenssituation spricht, in jenen turbulenten Tagen der Entstehung der modernen Kunst. <a href=\"https:\/\/youtu.be\/KElvL-ywJpc\"><b>https:\/\/youtu.be\/KElvL-ywJpc<\/b><\/a><\/p>\n<p><a href=\"http:\/\/www.imagenesyarte.com\/de\/2018\/02\/17\/minimalistisches-design-auf-ihrem-tisch\/\"><b>Letzte Woche<\/b><\/a> pr\u00e4sentierte ich die K\u00fcnstlerin Rina Menardi<\/p>\n<h2><\/h2>\n<p><center>__________<\/center><\/p>\n<h2><\/h2>\n<h4><span class=\"dropcap transparent\" style=\"font-family:'Great Vibes',Arial,Tahoma,sans-serif; color:#ffc013; font-size:70px;height:70px;line-height:70px;width:70px;\">E<\/span>\nnglish<\/p>\n<\/h4>\n<h2><\/h2>\n<p>Berthe Morisot<\/p>\n<p>The artist of the former times of this month is Berthe Morisot. Of French nationality, she lived between 1841 and 1895, contemporary of the Impressionists, and not only that, but she lived and worked with them, as the only woman in the group.<\/p>\n<p>Berthe exhibited her brilliant work in the most advanced and avant-garde exhibitions, harvesting along with the most famous men the critics of the bourgeoisie, who ridiculed the new form of painting and who only understood academic art as the true art and defended at all costs. They still did not know that the era of modern art had just begun.<\/p>\n<p>Without going into details of her life and of her work, I just want to mention that she was highly valued by Manet and other impressionists of the group, but that over time, as a woman, she was removed from the great fame, that those reached. That is why I have decided to show her work here, a work that has nothing to envy to the great masters of impressionism.<\/p>\n<p>Look at the selection of paintings that I have prepared and the video that speaks of her and her life situation, in those tumultuous days of the appearance of modern art. <a href=\"https:\/\/youtu.be\/KElvL-ywJpc\"><b>https:\/\/youtu.be\/KElvL-ywJpc<\/b><\/a><\/p>\n<p><a href=\"http:\/\/www.imagenesyarte.com\/de\/2018\/02\/17\/minimalistisches-design-auf-ihrem-tisch\/\"><b>Last week<\/b><\/a> the artist presented was Rina Menardi<\/p>\n<p>no-repeat;center top;;<\/p>\n<p>auto<\/p>\n<p><img decoding=\"async\" src=\"http:\/\/www.imagenesyarte.com\/wp-content\/uploads\/2018\/02\/1-Berthe-Morisot.jpg\" alt=\"\"\/><\/p>\n<p>center<\/p>\n<p>http:\/\/www.imagenesyarte.com\/wp-content\/uploads\/2018\/02\/1-Berthe-Morisot.jpg<\/p>\n<p><img decoding=\"async\" src=\"http:\/\/www.imagenesyarte.com\/wp-content\/uploads\/2018\/02\/18-Berthe-Morisot.jpg\" alt=\"\"\/><\/p>\n<p>center<\/p>\n<p>http:\/\/www.imagenesyarte.com\/wp-content\/uploads\/2018\/02\/18-Berthe-Morisot.jpg<\/p>\n<p><img decoding=\"async\" src=\"http:\/\/www.imagenesyarte.com\/wp-content\/uploads\/2018\/02\/15-Berthe-Morisot.jpg\" alt=\"\"\/><\/p>\n<p>center<\/p>\n<p>http:\/\/www.imagenesyarte.com\/wp-content\/uploads\/2018\/02\/15-Berthe-Morisot.jpg<\/p>\n<p><img decoding=\"async\" src=\"http:\/\/www.imagenesyarte.com\/wp-content\/uploads\/2018\/02\/28-Berthe-Morisot.jpg\" alt=\"\"\/><\/p>\n<p>center<\/p>\n<p>http:\/\/www.imagenesyarte.com\/wp-content\/uploads\/2018\/02\/28-Berthe-Morisot.jpg<\/p>\n<p><img decoding=\"async\" src=\"http:\/\/www.imagenesyarte.com\/wp-content\/uploads\/2018\/02\/30-Berthe-Morisot.jpg\" alt=\"\"\/><\/p>\n<p>center<\/p>\n<p>http:\/\/www.imagenesyarte.com\/wp-content\/uploads\/2018\/02\/30-Berthe-Morisot.jpg<\/p>\n<p><img decoding=\"async\" src=\"http:\/\/www.imagenesyarte.com\/wp-content\/uploads\/2018\/02\/14-Berthe-Morisot.jpg\" alt=\"\"\/><\/p>\n<p>center<\/p>\n<p>http:\/\/www.imagenesyarte.com\/wp-content\/uploads\/2018\/02\/14-Berthe-Morisot.jpg<\/p>\n<p><img decoding=\"async\" src=\"http:\/\/www.imagenesyarte.com\/wp-content\/uploads\/2018\/02\/4-Berthe-Morisot.jpg\" alt=\"\"\/><\/p>\n<p>center<\/p>\n<p>http:\/\/www.imagenesyarte.com\/wp-content\/uploads\/2018\/02\/4-Berthe-Morisot.jpg<\/p>\n<p><img decoding=\"async\" src=\"http:\/\/www.imagenesyarte.com\/wp-content\/uploads\/2018\/02\/16-Berthe-Morisot.jpg\" alt=\"\"\/><\/p>\n<p>center<\/p>\n<p>http:\/\/www.imagenesyarte.com\/wp-content\/uploads\/2018\/02\/16-Berthe-Morisot.jpg<\/p>\n<p><img decoding=\"async\" src=\"http:\/\/www.imagenesyarte.com\/wp-content\/uploads\/2018\/02\/24-Berthe-Morisot.jpg\" alt=\"\"\/><\/p>\n<p>center<\/p>\n<p>http:\/\/www.imagenesyarte.com\/wp-content\/uploads\/2018\/02\/24-Berthe-Morisot.jpg<\/p>\n<p><img decoding=\"async\" src=\"http:\/\/www.imagenesyarte.com\/wp-content\/uploads\/2018\/02\/25-Berthe-Morisot.jpg\" alt=\"\"\/><\/p>\n<p>center<\/p>\n<p>http:\/\/www.imagenesyarte.com\/wp-content\/uploads\/2018\/02\/25-Berthe-Morisot.jpg<\/p>\n<p><img decoding=\"async\" src=\"http:\/\/www.imagenesyarte.com\/wp-content\/uploads\/2018\/02\/33-Berthe-Morisot.jpg\" alt=\"\"\/><\/p>\n<p>center<\/p>\n<p>http:\/\/www.imagenesyarte.com\/wp-content\/uploads\/2018\/02\/33-Berthe-Morisot.jpg<\/p>\n<p><img decoding=\"async\" src=\"http:\/\/www.imagenesyarte.com\/wp-content\/uploads\/2018\/02\/31-Berthe-Morisot.jpg\" alt=\"\"\/><\/p>\n<p>center<\/p>\n<p>http:\/\/www.imagenesyarte.com\/wp-content\/uploads\/2018\/02\/31-Berthe-Morisot.jpg<\/p>\n<p><img decoding=\"async\" src=\"http:\/\/www.imagenesyarte.com\/wp-content\/uploads\/2018\/02\/17-Berthe-Morisot.jpg\" alt=\"\"\/><\/p>\n<p>center<\/p>\n<p>http:\/\/www.imagenesyarte.com\/wp-content\/uploads\/2018\/02\/17-Berthe-Morisot.jpg<\/p>\n<p><img decoding=\"async\" src=\"http:\/\/www.imagenesyarte.com\/wp-content\/uploads\/2018\/02\/5-Berthe-Morisot.jpg\" alt=\"\"\/><\/p>\n<p>center<\/p>\n<p>http:\/\/www.imagenesyarte.com\/wp-content\/uploads\/2018\/02\/5-Berthe-Morisot.jpg<\/p>\n<p><img decoding=\"async\" src=\"http:\/\/www.imagenesyarte.com\/wp-content\/uploads\/2018\/02\/8-Berthe-Morisot.jpg\" alt=\"\"\/><\/p>\n<p>center<\/p>\n<p>http:\/\/www.imagenesyarte.com\/wp-content\/uploads\/2018\/02\/8-Berthe-Morisot.jpg<\/p>\n<p><img decoding=\"async\" src=\"http:\/\/www.imagenesyarte.com\/wp-content\/uploads\/2018\/02\/23-Berthe-Morisot.jpg\" alt=\"\"\/><\/p>\n<p>center<\/p>\n<p>http:\/\/www.imagenesyarte.com\/wp-content\/uploads\/2018\/02\/23-Berthe-Morisot.jpg<\/p>\n","protected":false},"excerpt":{"rendered":"<p>Die K\u00fcnstlerin der Klassiker dieses Monats ist Berthe Morisot. Von franz\u00f6sischer Nationalit\u00e4t lebte sie zwischen 1841 und 1895, als Zeitgenossin der Impressionisten, und nicht nur das, sie lebte und arbeitete auch mit ihnen als einzige Frau in der Gruppe.<\/p>\n","protected":false},"author":1,"featured_media":3265,"comment_status":"open","ping_status":"open","sticky":false,"template":"","format":"standard","meta":{"pmpro_default_level":"","footnotes":""},"categories":[23],"tags":[],"class_list":["post-3264","post","type-post","status-publish","format-standard","has-post-thumbnail","hentry","category-klassische-werke","pmpro-has-access"],"yoast_head":"<!-- This site is optimized with the Yoast SEO plugin v27.0 - https:\/\/yoast.com\/product\/yoast-seo-wordpress\/ -->\n<title>Berthe Morisot - Kunst und Bilder<\/title>\n<meta name=\"robots\" content=\"index, follow, max-snippet:-1, max-image-preview:large, max-video-preview:-1\" \/>\n<link rel=\"canonical\" href=\"https:\/\/www.imagenesyarte.com\/de\/2018\/02\/24\/berthe-morisot\/\" \/>\n<meta property=\"og:locale\" content=\"de_DE\" \/>\n<meta property=\"og:type\" content=\"article\" \/>\n<meta property=\"og:title\" content=\"Berthe Morisot - Kunst und Bilder\" \/>\n<meta property=\"og:description\" content=\"Die K\u00fcnstlerin der Klassiker dieses Monats ist Berthe Morisot. Von franz\u00f6sischer Nationalit\u00e4t lebte sie zwischen 1841 und 1895, als Zeitgenossin der Impressionisten, und nicht nur das, sie lebte und arbeitete auch mit ihnen als einzige Frau in der Gruppe.\" \/>\n<meta property=\"og:url\" content=\"https:\/\/www.imagenesyarte.com\/de\/2018\/02\/24\/berthe-morisot\/\" \/>\n<meta property=\"og:site_name\" content=\"Kunst und Bilder\" \/>\n<meta property=\"article:published_time\" content=\"2018-02-24T07:00:07+00:00\" \/>\n<meta property=\"article:modified_time\" content=\"2018-04-14T17:59:11+00:00\" \/>\n<meta property=\"og:image\" content=\"https:\/\/www.imagenesyarte.com\/de\/wp-content\/uploads\/2018\/02\/abdecken-Berthe-Morisot.jpg\" \/>\n\t<meta property=\"og:image:width\" content=\"320\" \/>\n\t<meta property=\"og:image:height\" content=\"200\" \/>\n\t<meta property=\"og:image:type\" content=\"image\/jpeg\" \/>\n<meta name=\"author\" content=\"imagenesyarte\" \/>\n<meta name=\"twitter:card\" content=\"summary_large_image\" \/>\n<meta name=\"twitter:label1\" content=\"Verfasst von\" \/>\n\t<meta name=\"twitter:data1\" content=\"imagenesyarte\" \/>\n\t<meta name=\"twitter:label2\" content=\"Gesch\u00e4tzte Lesezeit\" \/>\n\t<meta name=\"twitter:data2\" content=\"3\u00a0Minuten\" \/>\n<script type=\"application\/ld+json\" class=\"yoast-schema-graph\">{\"@context\":\"https:\/\/schema.org\",\"@graph\":[{\"@type\":\"Article\",\"@id\":\"https:\/\/www.imagenesyarte.com\/de\/2018\/02\/24\/berthe-morisot\/#article\",\"isPartOf\":{\"@id\":\"https:\/\/www.imagenesyarte.com\/de\/2018\/02\/24\/berthe-morisot\/\"},\"author\":{\"name\":\"imagenesyarte\",\"@id\":\"https:\/\/www.imagenesyarte.com\/de\/#\/schema\/person\/a896cb6efc615ff24c7130340b1b343f\"},\"headline\":\"Berthe Morisot\",\"datePublished\":\"2018-02-24T07:00:07+00:00\",\"dateModified\":\"2018-04-14T17:59:11+00:00\",\"mainEntityOfPage\":{\"@id\":\"https:\/\/www.imagenesyarte.com\/de\/2018\/02\/24\/berthe-morisot\/\"},\"wordCount\":611,\"commentCount\":0,\"image\":{\"@id\":\"https:\/\/www.imagenesyarte.com\/de\/2018\/02\/24\/berthe-morisot\/#primaryimage\"},\"thumbnailUrl\":\"https:\/\/www.imagenesyarte.com\/de\/wp-content\/uploads\/2018\/02\/abdecken-Berthe-Morisot.jpg\",\"articleSection\":[\"Klassische Werke\"],\"inLanguage\":\"de\",\"potentialAction\":[{\"@type\":\"CommentAction\",\"name\":\"Comment\",\"target\":[\"https:\/\/www.imagenesyarte.com\/de\/2018\/02\/24\/berthe-morisot\/#respond\"]}]},{\"@type\":\"WebPage\",\"@id\":\"https:\/\/www.imagenesyarte.com\/de\/2018\/02\/24\/berthe-morisot\/\",\"url\":\"https:\/\/www.imagenesyarte.com\/de\/2018\/02\/24\/berthe-morisot\/\",\"name\":\"Berthe Morisot - Kunst und Bilder\",\"isPartOf\":{\"@id\":\"https:\/\/www.imagenesyarte.com\/de\/#website\"},\"primaryImageOfPage\":{\"@id\":\"https:\/\/www.imagenesyarte.com\/de\/2018\/02\/24\/berthe-morisot\/#primaryimage\"},\"image\":{\"@id\":\"https:\/\/www.imagenesyarte.com\/de\/2018\/02\/24\/berthe-morisot\/#primaryimage\"},\"thumbnailUrl\":\"https:\/\/www.imagenesyarte.com\/de\/wp-content\/uploads\/2018\/02\/abdecken-Berthe-Morisot.jpg\",\"datePublished\":\"2018-02-24T07:00:07+00:00\",\"dateModified\":\"2018-04-14T17:59:11+00:00\",\"author\":{\"@id\":\"https:\/\/www.imagenesyarte.com\/de\/#\/schema\/person\/a896cb6efc615ff24c7130340b1b343f\"},\"breadcrumb\":{\"@id\":\"https:\/\/www.imagenesyarte.com\/de\/2018\/02\/24\/berthe-morisot\/#breadcrumb\"},\"inLanguage\":\"de\",\"potentialAction\":[{\"@type\":\"ReadAction\",\"target\":[\"https:\/\/www.imagenesyarte.com\/de\/2018\/02\/24\/berthe-morisot\/\"]}]},{\"@type\":\"ImageObject\",\"inLanguage\":\"de\",\"@id\":\"https:\/\/www.imagenesyarte.com\/de\/2018\/02\/24\/berthe-morisot\/#primaryimage\",\"url\":\"https:\/\/www.imagenesyarte.com\/de\/wp-content\/uploads\/2018\/02\/abdecken-Berthe-Morisot.jpg\",\"contentUrl\":\"https:\/\/www.imagenesyarte.com\/de\/wp-content\/uploads\/2018\/02\/abdecken-Berthe-Morisot.jpg\",\"width\":320,\"height\":200,\"caption\":\"abdecken Berthe Morisot Kunst und Bilder\"},{\"@type\":\"BreadcrumbList\",\"@id\":\"https:\/\/www.imagenesyarte.com\/de\/2018\/02\/24\/berthe-morisot\/#breadcrumb\",\"itemListElement\":[{\"@type\":\"ListItem\",\"position\":1,\"name\":\"Startseite\",\"item\":\"https:\/\/www.imagenesyarte.com\/de\/\"},{\"@type\":\"ListItem\",\"position\":2,\"name\":\"Berthe Morisot\"}]},{\"@type\":\"WebSite\",\"@id\":\"https:\/\/www.imagenesyarte.com\/de\/#website\",\"url\":\"https:\/\/www.imagenesyarte.com\/de\/\",\"name\":\"Kunst und Bilder\",\"description\":\"Deine t\u00e4gliche Inspiration\",\"potentialAction\":[{\"@type\":\"SearchAction\",\"target\":{\"@type\":\"EntryPoint\",\"urlTemplate\":\"https:\/\/www.imagenesyarte.com\/de\/?s={search_term_string}\"},\"query-input\":{\"@type\":\"PropertyValueSpecification\",\"valueRequired\":true,\"valueName\":\"search_term_string\"}}],\"inLanguage\":\"de\"},{\"@type\":\"Person\",\"@id\":\"https:\/\/www.imagenesyarte.com\/de\/#\/schema\/person\/a896cb6efc615ff24c7130340b1b343f\",\"name\":\"imagenesyarte\",\"image\":{\"@type\":\"ImageObject\",\"inLanguage\":\"de\",\"@id\":\"https:\/\/www.imagenesyarte.com\/de\/#\/schema\/person\/image\/\",\"url\":\"https:\/\/secure.gravatar.com\/avatar\/9eb36beb0ce11d8bfffc4170541f33caf5704b69d3e9367a1ceb24bfac782dbd?s=96&r=g\",\"contentUrl\":\"https:\/\/secure.gravatar.com\/avatar\/9eb36beb0ce11d8bfffc4170541f33caf5704b69d3e9367a1ceb24bfac782dbd?s=96&r=g\",\"caption\":\"imagenesyarte\"},\"url\":\"https:\/\/www.imagenesyarte.com\/de\/author\/imagenesyarte\/\"}]}<\/script>\n<!-- \/ Yoast SEO plugin. -->","yoast_head_json":{"title":"Berthe Morisot - Kunst und Bilder","robots":{"index":"index","follow":"follow","max-snippet":"max-snippet:-1","max-image-preview":"max-image-preview:large","max-video-preview":"max-video-preview:-1"},"canonical":"https:\/\/www.imagenesyarte.com\/de\/2018\/02\/24\/berthe-morisot\/","og_locale":"de_DE","og_type":"article","og_title":"Berthe Morisot - Kunst und Bilder","og_description":"Die K\u00fcnstlerin der Klassiker dieses Monats ist Berthe Morisot. Von franz\u00f6sischer Nationalit\u00e4t lebte sie zwischen 1841 und 1895, als Zeitgenossin der Impressionisten, und nicht nur das, sie lebte und arbeitete auch mit ihnen als einzige Frau in der Gruppe.","og_url":"https:\/\/www.imagenesyarte.com\/de\/2018\/02\/24\/berthe-morisot\/","og_site_name":"Kunst und Bilder","article_published_time":"2018-02-24T07:00:07+00:00","article_modified_time":"2018-04-14T17:59:11+00:00","og_image":[{"width":320,"height":200,"url":"https:\/\/www.imagenesyarte.com\/de\/wp-content\/uploads\/2018\/02\/abdecken-Berthe-Morisot.jpg","type":"image\/jpeg"}],"author":"imagenesyarte","twitter_card":"summary_large_image","twitter_misc":{"Verfasst von":"imagenesyarte","Gesch\u00e4tzte Lesezeit":"3\u00a0Minuten"},"schema":{"@context":"https:\/\/schema.org","@graph":[{"@type":"Article","@id":"https:\/\/www.imagenesyarte.com\/de\/2018\/02\/24\/berthe-morisot\/#article","isPartOf":{"@id":"https:\/\/www.imagenesyarte.com\/de\/2018\/02\/24\/berthe-morisot\/"},"author":{"name":"imagenesyarte","@id":"https:\/\/www.imagenesyarte.com\/de\/#\/schema\/person\/a896cb6efc615ff24c7130340b1b343f"},"headline":"Berthe Morisot","datePublished":"2018-02-24T07:00:07+00:00","dateModified":"2018-04-14T17:59:11+00:00","mainEntityOfPage":{"@id":"https:\/\/www.imagenesyarte.com\/de\/2018\/02\/24\/berthe-morisot\/"},"wordCount":611,"commentCount":0,"image":{"@id":"https:\/\/www.imagenesyarte.com\/de\/2018\/02\/24\/berthe-morisot\/#primaryimage"},"thumbnailUrl":"https:\/\/www.imagenesyarte.com\/de\/wp-content\/uploads\/2018\/02\/abdecken-Berthe-Morisot.jpg","articleSection":["Klassische Werke"],"inLanguage":"de","potentialAction":[{"@type":"CommentAction","name":"Comment","target":["https:\/\/www.imagenesyarte.com\/de\/2018\/02\/24\/berthe-morisot\/#respond"]}]},{"@type":"WebPage","@id":"https:\/\/www.imagenesyarte.com\/de\/2018\/02\/24\/berthe-morisot\/","url":"https:\/\/www.imagenesyarte.com\/de\/2018\/02\/24\/berthe-morisot\/","name":"Berthe Morisot - Kunst und Bilder","isPartOf":{"@id":"https:\/\/www.imagenesyarte.com\/de\/#website"},"primaryImageOfPage":{"@id":"https:\/\/www.imagenesyarte.com\/de\/2018\/02\/24\/berthe-morisot\/#primaryimage"},"image":{"@id":"https:\/\/www.imagenesyarte.com\/de\/2018\/02\/24\/berthe-morisot\/#primaryimage"},"thumbnailUrl":"https:\/\/www.imagenesyarte.com\/de\/wp-content\/uploads\/2018\/02\/abdecken-Berthe-Morisot.jpg","datePublished":"2018-02-24T07:00:07+00:00","dateModified":"2018-04-14T17:59:11+00:00","author":{"@id":"https:\/\/www.imagenesyarte.com\/de\/#\/schema\/person\/a896cb6efc615ff24c7130340b1b343f"},"breadcrumb":{"@id":"https:\/\/www.imagenesyarte.com\/de\/2018\/02\/24\/berthe-morisot\/#breadcrumb"},"inLanguage":"de","potentialAction":[{"@type":"ReadAction","target":["https:\/\/www.imagenesyarte.com\/de\/2018\/02\/24\/berthe-morisot\/"]}]},{"@type":"ImageObject","inLanguage":"de","@id":"https:\/\/www.imagenesyarte.com\/de\/2018\/02\/24\/berthe-morisot\/#primaryimage","url":"https:\/\/www.imagenesyarte.com\/de\/wp-content\/uploads\/2018\/02\/abdecken-Berthe-Morisot.jpg","contentUrl":"https:\/\/www.imagenesyarte.com\/de\/wp-content\/uploads\/2018\/02\/abdecken-Berthe-Morisot.jpg","width":320,"height":200,"caption":"abdecken Berthe Morisot Kunst und Bilder"},{"@type":"BreadcrumbList","@id":"https:\/\/www.imagenesyarte.com\/de\/2018\/02\/24\/berthe-morisot\/#breadcrumb","itemListElement":[{"@type":"ListItem","position":1,"name":"Startseite","item":"https:\/\/www.imagenesyarte.com\/de\/"},{"@type":"ListItem","position":2,"name":"Berthe Morisot"}]},{"@type":"WebSite","@id":"https:\/\/www.imagenesyarte.com\/de\/#website","url":"https:\/\/www.imagenesyarte.com\/de\/","name":"Kunst und Bilder","description":"Deine t\u00e4gliche Inspiration","potentialAction":[{"@type":"SearchAction","target":{"@type":"EntryPoint","urlTemplate":"https:\/\/www.imagenesyarte.com\/de\/?s={search_term_string}"},"query-input":{"@type":"PropertyValueSpecification","valueRequired":true,"valueName":"search_term_string"}}],"inLanguage":"de"},{"@type":"Person","@id":"https:\/\/www.imagenesyarte.com\/de\/#\/schema\/person\/a896cb6efc615ff24c7130340b1b343f","name":"imagenesyarte","image":{"@type":"ImageObject","inLanguage":"de","@id":"https:\/\/www.imagenesyarte.com\/de\/#\/schema\/person\/image\/","url":"https:\/\/secure.gravatar.com\/avatar\/9eb36beb0ce11d8bfffc4170541f33caf5704b69d3e9367a1ceb24bfac782dbd?s=96&r=g","contentUrl":"https:\/\/secure.gravatar.com\/avatar\/9eb36beb0ce11d8bfffc4170541f33caf5704b69d3e9367a1ceb24bfac782dbd?s=96&r=g","caption":"imagenesyarte"},"url":"https:\/\/www.imagenesyarte.com\/de\/author\/imagenesyarte\/"}]}},"_links":{"self":[{"href":"https:\/\/www.imagenesyarte.com\/de\/wp-json\/wp\/v2\/posts\/3264","targetHints":{"allow":["GET"]}}],"collection":[{"href":"https:\/\/www.imagenesyarte.com\/de\/wp-json\/wp\/v2\/posts"}],"about":[{"href":"https:\/\/www.imagenesyarte.com\/de\/wp-json\/wp\/v2\/types\/post"}],"author":[{"embeddable":true,"href":"https:\/\/www.imagenesyarte.com\/de\/wp-json\/wp\/v2\/users\/1"}],"replies":[{"embeddable":true,"href":"https:\/\/www.imagenesyarte.com\/de\/wp-json\/wp\/v2\/comments?post=3264"}],"version-history":[{"count":2,"href":"https:\/\/www.imagenesyarte.com\/de\/wp-json\/wp\/v2\/posts\/3264\/revisions"}],"predecessor-version":[{"id":3267,"href":"https:\/\/www.imagenesyarte.com\/de\/wp-json\/wp\/v2\/posts\/3264\/revisions\/3267"}],"wp:featuredmedia":[{"embeddable":true,"href":"https:\/\/www.imagenesyarte.com\/de\/wp-json\/wp\/v2\/media\/3265"}],"wp:attachment":[{"href":"https:\/\/www.imagenesyarte.com\/de\/wp-json\/wp\/v2\/media?parent=3264"}],"wp:term":[{"taxonomy":"category","embeddable":true,"href":"https:\/\/www.imagenesyarte.com\/de\/wp-json\/wp\/v2\/categories?post=3264"},{"taxonomy":"post_tag","embeddable":true,"href":"https:\/\/www.imagenesyarte.com\/de\/wp-json\/wp\/v2\/tags?post=3264"}],"curies":[{"name":"wp","href":"https:\/\/api.w.org\/{rel}","templated":true}]}}