{"id":3286,"date":"2018-03-02T08:00:46","date_gmt":"2018-03-02T07:00:46","guid":{"rendered":"http:\/\/www.imagenesyarte.com\/de\/?p=3286"},"modified":"2018-04-14T19:56:42","modified_gmt":"2018-04-14T17:56:42","slug":"mystisches-licht","status":"publish","type":"post","link":"https:\/\/www.imagenesyarte.com\/de\/2018\/03\/02\/mystisches-licht\/","title":{"rendered":"Mystisches Licht"},"content":{"rendered":"<h4><span class=\"dropcap transparent\" style=\"font-family:'Great Vibes',Arial,Tahoma,sans-serif; color:#ffc013; font-size:70px;height:70px;line-height:70px;width:70px;\">D<\/span>\neutsch<\/p>\n<\/h4>\n<h2><\/h2>\n<p>An diesem Samstag pr\u00e4sentiere ich Jos van Wunnik, Liebhaber von W\u00e4ldern und ruhigen Gew\u00e4ssern. Jos wurde 1951 geboren und verbringt sein ganzes Leben in Holland, zieht von hier nach dort in diesem kleinen Land und l\u00e4sst sich schlie\u00dflich in einem alten Bauernhaus in Schinwild nieder. Dort gibt er Kunstunterricht und kreiert weiterhin seine eigene Kunst.<\/p>\n<p>Heute erkunden wir seine Facette als Fotograf, aber er ist auch Maler, und hier ist seine Palette viel bunter als in seinen ausdrucksstarken und magischen Fotografien. Bei einer n\u00e4chsten Gelegenheit werde ich Sie dem Maler Jos van Wunnik n\u00e4her bringen.<\/p>\n<p>Heute habe ich eine Auswahl seiner Fotos vorbereitet, die die Natur seines Heimatlandes als Protagonisten haben. Oft w\u00e4hlt er Herbst- und Winterszenen, mit besonderen Lichterspielen, die ein mystisches Flair bereiten.<\/p>\n<p>Auch das stagnierende Wasser oder der Schlamm spielen eine wichtige Rolle und er experimentiert st\u00e4ndig damit. Er selbst sagt von seiner Arbeit folgendes:<\/p>\n<p>Die zentralen Themen in meinem \u00e4therischen Werk sind &#8222;Licht&#8220; und &#8222;Wasser&#8220;: Licht in der Natur, Licht in der Erde, Licht im Menschen und die Verschmelzung von all dem &#8211; das Leuchten und Reflektieren von Licht auf Wasser und Eis sowie die Resonanz von Licht im Innenraum &#8211; die miteinander verwobenen Rhythmen und Str\u00f6mungen von Wasser und Licht in Lebensprozessen.<\/p>\n<p>Ich ermuntere Sie, durch seine Website <a href=\"http:\/\/www.josvanwunnik.com\"><b>www.josvanwunnik.com<\/b><\/a>  zu surfen, und er ist auch pr\u00e4sent in meinem Buch Juwelen unserer Gedankenwelt. Dort ist Jos einer der 15 teilnehmenden Fotografen.<\/p>\n<p><a href=\"http:\/\/www.imagenesyarte.com\/de\/2018\/02\/24\/berthe-morisot\/\">Die letzte Woche<\/a> vorgestellte K\u00fcnstlerin war Berthe Morisot<\/p>\n<h2><\/h2>\n<p><center>__________<\/center><\/p>\n<h2><\/h2>\n<h4><span class=\"dropcap transparent\" style=\"font-family:'Great Vibes',Arial,Tahoma,sans-serif; color:#ffc013; font-size:70px;height:70px;line-height:70px;width:70px;\">E<\/span>\nnglish<\/p>\n<\/h4>\n<h2><\/h2>\n<p>Mystic light<\/p>\n<p>On this Saturday I present Jos van Wunnik, the photographer lover of forests and calm waters. Jos was born in 1951 and spends his entire life in Holland, moving in that small country from here to there, finally settling in Schinwild in an old farm house. There he teaches art classes and continues to create his own art.<\/p>\n<p>Today we explore his facet as a photographer, but he is also a painter, and that is where his palette is much more colorful than in his expressive and magical photographs. On a next occasion I will bring you closer to the painter Jos van Wunnik.<\/p>\n<p>Today I have prepared a selection of his photos that have the nature of his native country as his protagonist. Often he chooses scenes of autumn and winter, showing sublime play of lights, leaving mystical airs to the set.<\/p>\n<p>Also the stagnant waters or the mud play an important role and he experiments with it constantly. He himself says of his work the following:<\/p>\n<p>The central themes in my ethereal work are \u2019light\u2019 and \u2018water\u2019: light in nature, light in earth, light in man, and the merging of all this\u200a\u2014\u200athe glowing and reflecting of light on water and ice as well as the resonance of light in inner space\u200a\u2014\u200athe interwoven rhythms and streaming cycles of water and light in life processes.<\/p>\n<p>I encourage you to surf through his website  <a href=\"http:\/\/www.josvanwunnik.com\"><b>www.josvanwunnik.com<\/b><\/a>   and in my book Jewels of Thought ( for the moment only available in Spanish and German) Jos is one of 15 the participating photographers<\/p>\n<p><a href=\"http:\/\/www.imagenesyarte.com\/de\/2018\/02\/24\/berthe-morisot\/\"><b>The last weeks<\/b><\/a> artist was Berthe Morisot<\/p>\n<p>no-repeat;center top;;<\/p>\n<p>auto<\/p>\n<p><img decoding=\"async\" src=\"http:\/\/www.imagenesyarte.com\/wp-content\/uploads\/2018\/03\/14-luces-misticas-Jos-van-Wunnik.jpg\" alt=\"\"\/><\/p>\n<p>center<\/p>\n<p>http:\/\/www.imagenesyarte.com\/wp-content\/uploads\/2018\/03\/14-luces-misticas-Jos-van-Wunnik.jpg<\/p>\n<p><img decoding=\"async\" src=\"http:\/\/www.imagenesyarte.com\/wp-content\/uploads\/2018\/03\/16-luces-misticas-Jos-van-Wunnik.jpg\" alt=\"\"\/><\/p>\n<p>center<\/p>\n<p>http:\/\/www.imagenesyarte.com\/wp-content\/uploads\/2018\/03\/16-luces-misticas-Jos-van-Wunnik.jpg<\/p>\n<p><img decoding=\"async\" src=\"http:\/\/www.imagenesyarte.com\/wp-content\/uploads\/2018\/03\/1-luces-misticas-Jos-van-Wunnik.jpg\" alt=\"\"\/><\/p>\n<p>center<\/p>\n<p>http:\/\/www.imagenesyarte.com\/wp-content\/uploads\/2018\/03\/1-luces-misticas-Jos-van-Wunnik.jpg<\/p>\n<p><img decoding=\"async\" src=\"http:\/\/www.imagenesyarte.com\/wp-content\/uploads\/2018\/03\/20-luces-misticas-Jos-van-Wunnik.jpg\" alt=\"\"\/><\/p>\n<p>center<\/p>\n<p>http:\/\/www.imagenesyarte.com\/wp-content\/uploads\/2018\/03\/20-luces-misticas-Jos-van-Wunnik.jpg<\/p>\n<p><img decoding=\"async\" src=\"http:\/\/www.imagenesyarte.com\/wp-content\/uploads\/2018\/03\/17-luces-misticas-Jos-van-Wunnik.jpg\" alt=\"\"\/><\/p>\n<p>center<\/p>\n<p>http:\/\/www.imagenesyarte.com\/wp-content\/uploads\/2018\/03\/17-luces-misticas-Jos-van-Wunnik.jpg<\/p>\n<p><img decoding=\"async\" src=\"http:\/\/www.imagenesyarte.com\/wp-content\/uploads\/2018\/03\/13-luces-misticas-Jos-van-Wunnik.jpg\" alt=\"\"\/><\/p>\n<p>center<\/p>\n<p>http:\/\/www.imagenesyarte.com\/wp-content\/uploads\/2018\/03\/13-luces-misticas-Jos-van-Wunnik.jpg<\/p>\n<p><img decoding=\"async\" src=\"http:\/\/www.imagenesyarte.com\/wp-content\/uploads\/2018\/03\/18-luces-misticas-Jos-van-Wunnik.jpg\" alt=\"\"\/><\/p>\n<p>center<\/p>\n<p>http:\/\/www.imagenesyarte.com\/wp-content\/uploads\/2018\/03\/18-luces-misticas-Jos-van-Wunnik.jpg<\/p>\n<p><img decoding=\"async\" src=\"http:\/\/www.imagenesyarte.com\/wp-content\/uploads\/2018\/03\/9-luces-misticas-Jos-van-Wunnik.jpg\" alt=\"\"\/><\/p>\n<p>center<\/p>\n<p>http:\/\/www.imagenesyarte.com\/wp-content\/uploads\/2018\/03\/9-luces-misticas-Jos-van-Wunnik.jpg<\/p>\n<p><img decoding=\"async\" src=\"http:\/\/www.imagenesyarte.com\/wp-content\/uploads\/2018\/03\/37-luces-misticas-Jos-van-Wunnik.jpg\" alt=\"\"\/><\/p>\n<p>center<\/p>\n<p>http:\/\/www.imagenesyarte.com\/wp-content\/uploads\/2018\/03\/37-luces-misticas-Jos-van-Wunnik.jpg<\/p>\n<p><img decoding=\"async\" src=\"http:\/\/www.imagenesyarte.com\/wp-content\/uploads\/2018\/03\/36-luces-misticas-Jos-van-Wunnik.jpg\" alt=\"\"\/><\/p>\n<p>center<\/p>\n<p>http:\/\/www.imagenesyarte.com\/wp-content\/uploads\/2018\/03\/36-luces-misticas-Jos-van-Wunnik.jpg<\/p>\n<p><img decoding=\"async\" src=\"http:\/\/www.imagenesyarte.com\/wp-content\/uploads\/2018\/03\/28-luces-misticas-Jos-van-Wunnik.jpg\" alt=\"\"\/><\/p>\n<p>center<\/p>\n<p>http:\/\/www.imagenesyarte.com\/wp-content\/uploads\/2018\/03\/28-luces-misticas-Jos-van-Wunnik.jpg<\/p>\n<p>center<\/p>\n<p>http:\/\/www.imagenesyarte.com\/wp-content\/uploads\/2018\/03\/33-luces-misticas-Jos-van-Wunnik.jpg<\/p>\n<p><img decoding=\"async\" src=\"http:\/\/www.imagenesyarte.com\/wp-content\/uploads\/2018\/03\/23-luces-misticas-Jos-van-Wunnik.jpg\" alt=\"\"\/><\/p>\n<p>center<\/p>\n<p>http:\/\/www.imagenesyarte.com\/wp-content\/uploads\/2018\/03\/23-luces-misticas-Jos-van-Wunnik.jpg<\/p>\n<p><img decoding=\"async\" src=\"http:\/\/www.imagenesyarte.com\/wp-content\/uploads\/2018\/03\/4-luces-misticas-Jos-van-Wunnik.jpg\" alt=\"\"\/><\/p>\n<p>center<\/p>\n<p>http:\/\/www.imagenesyarte.com\/wp-content\/uploads\/2018\/03\/4-luces-misticas-Jos-van-Wunnik.jpg<\/p>\n<p><img decoding=\"async\" src=\"http:\/\/www.imagenesyarte.com\/wp-content\/uploads\/2018\/03\/38-luces-misticas-Jos-van-Wunnik.jpg\" alt=\"\"\/><\/p>\n<p>center<\/p>\n<p>http:\/\/www.imagenesyarte.com\/wp-content\/uploads\/2018\/03\/38-luces-misticas-Jos-van-Wunnik.jpg<\/p>\n<p><img decoding=\"async\" src=\"http:\/\/www.imagenesyarte.com\/wp-content\/uploads\/2018\/03\/5-luces-misticas-Jos-van-Wunnik.jpg\" alt=\"\"\/><\/p>\n<p>center<\/p>\n<p>http:\/\/www.imagenesyarte.com\/wp-content\/uploads\/2018\/03\/5-luces-misticas-Jos-van-Wunnik.jpg<\/p>\n","protected":false},"excerpt":{"rendered":"<p>An diesem Samstag pr\u00e4sentiere ich Jos van Wunnik, Liebhaber von W\u00e4ldern und ruhigen Gew\u00e4ssern. Jos wurde 1951 geboren und verbringt sein ganzes Leben in Holland, zieht von hier nach dort in diesem kleinen Land und l\u00e4sst sich schlie\u00dflich in einem alten Bauernhaus in Schinwild nieder. Dort gibt er Kunstunterricht und kreiert weiterhin seine eigene Kunst.<\/p>\n","protected":false},"author":1,"featured_media":3285,"comment_status":"open","ping_status":"open","sticky":false,"template":"","format":"standard","meta":{"pmpro_default_level":"","footnotes":""},"categories":[14],"tags":[],"class_list":["post-3286","post","type-post","status-publish","format-standard","has-post-thumbnail","hentry","category-fotografie","pmpro-has-access"],"yoast_head":"<!-- This site is optimized with the Yoast SEO plugin v27.0 - https:\/\/yoast.com\/product\/yoast-seo-wordpress\/ -->\n<title>Mystisches Licht - Kunst und Bilder<\/title>\n<meta name=\"robots\" content=\"index, follow, max-snippet:-1, max-image-preview:large, max-video-preview:-1\" \/>\n<link rel=\"canonical\" href=\"https:\/\/www.imagenesyarte.com\/de\/2018\/03\/02\/mystisches-licht\/\" \/>\n<meta property=\"og:locale\" content=\"de_DE\" \/>\n<meta property=\"og:type\" content=\"article\" \/>\n<meta property=\"og:title\" content=\"Mystisches Licht - Kunst und Bilder\" \/>\n<meta property=\"og:description\" content=\"An diesem Samstag pr\u00e4sentiere ich Jos van Wunnik, Liebhaber von W\u00e4ldern und ruhigen Gew\u00e4ssern. Jos wurde 1951 geboren und verbringt sein ganzes Leben in Holland, zieht von hier nach dort in diesem kleinen Land und l\u00e4sst sich schlie\u00dflich in einem alten Bauernhaus in Schinwild nieder. Dort gibt er Kunstunterricht und kreiert weiterhin seine eigene Kunst.\" \/>\n<meta property=\"og:url\" content=\"https:\/\/www.imagenesyarte.com\/de\/2018\/03\/02\/mystisches-licht\/\" \/>\n<meta property=\"og:site_name\" content=\"Kunst und Bilder\" \/>\n<meta property=\"article:published_time\" content=\"2018-03-02T07:00:46+00:00\" \/>\n<meta property=\"article:modified_time\" content=\"2018-04-14T17:56:42+00:00\" \/>\n<meta property=\"og:image\" content=\"https:\/\/www.imagenesyarte.com\/de\/wp-content\/uploads\/2018\/03\/abdecken-mystisches-licht-Jos-van-Wunnik.jpg\" \/>\n\t<meta property=\"og:image:width\" content=\"320\" \/>\n\t<meta property=\"og:image:height\" content=\"200\" \/>\n\t<meta property=\"og:image:type\" content=\"image\/jpeg\" \/>\n<meta name=\"author\" content=\"imagenesyarte\" \/>\n<meta name=\"twitter:card\" content=\"summary_large_image\" \/>\n<meta name=\"twitter:label1\" content=\"Verfasst von\" \/>\n\t<meta name=\"twitter:data1\" content=\"imagenesyarte\" \/>\n\t<meta name=\"twitter:label2\" content=\"Gesch\u00e4tzte Lesezeit\" \/>\n\t<meta name=\"twitter:data2\" content=\"3\u00a0Minuten\" \/>\n<script type=\"application\/ld+json\" class=\"yoast-schema-graph\">{\"@context\":\"https:\/\/schema.org\",\"@graph\":[{\"@type\":\"Article\",\"@id\":\"https:\/\/www.imagenesyarte.com\/de\/2018\/03\/02\/mystisches-licht\/#article\",\"isPartOf\":{\"@id\":\"https:\/\/www.imagenesyarte.com\/de\/2018\/03\/02\/mystisches-licht\/\"},\"author\":{\"name\":\"imagenesyarte\",\"@id\":\"https:\/\/www.imagenesyarte.com\/de\/#\/schema\/person\/a896cb6efc615ff24c7130340b1b343f\"},\"headline\":\"Mystisches Licht\",\"datePublished\":\"2018-03-02T07:00:46+00:00\",\"dateModified\":\"2018-04-14T17:56:42+00:00\",\"mainEntityOfPage\":{\"@id\":\"https:\/\/www.imagenesyarte.com\/de\/2018\/03\/02\/mystisches-licht\/\"},\"wordCount\":700,\"commentCount\":0,\"image\":{\"@id\":\"https:\/\/www.imagenesyarte.com\/de\/2018\/03\/02\/mystisches-licht\/#primaryimage\"},\"thumbnailUrl\":\"https:\/\/www.imagenesyarte.com\/de\/wp-content\/uploads\/2018\/03\/abdecken-mystisches-licht-Jos-van-Wunnik.jpg\",\"articleSection\":[\"Fotografie\"],\"inLanguage\":\"de\",\"potentialAction\":[{\"@type\":\"CommentAction\",\"name\":\"Comment\",\"target\":[\"https:\/\/www.imagenesyarte.com\/de\/2018\/03\/02\/mystisches-licht\/#respond\"]}]},{\"@type\":\"WebPage\",\"@id\":\"https:\/\/www.imagenesyarte.com\/de\/2018\/03\/02\/mystisches-licht\/\",\"url\":\"https:\/\/www.imagenesyarte.com\/de\/2018\/03\/02\/mystisches-licht\/\",\"name\":\"Mystisches Licht - Kunst und Bilder\",\"isPartOf\":{\"@id\":\"https:\/\/www.imagenesyarte.com\/de\/#website\"},\"primaryImageOfPage\":{\"@id\":\"https:\/\/www.imagenesyarte.com\/de\/2018\/03\/02\/mystisches-licht\/#primaryimage\"},\"image\":{\"@id\":\"https:\/\/www.imagenesyarte.com\/de\/2018\/03\/02\/mystisches-licht\/#primaryimage\"},\"thumbnailUrl\":\"https:\/\/www.imagenesyarte.com\/de\/wp-content\/uploads\/2018\/03\/abdecken-mystisches-licht-Jos-van-Wunnik.jpg\",\"datePublished\":\"2018-03-02T07:00:46+00:00\",\"dateModified\":\"2018-04-14T17:56:42+00:00\",\"author\":{\"@id\":\"https:\/\/www.imagenesyarte.com\/de\/#\/schema\/person\/a896cb6efc615ff24c7130340b1b343f\"},\"breadcrumb\":{\"@id\":\"https:\/\/www.imagenesyarte.com\/de\/2018\/03\/02\/mystisches-licht\/#breadcrumb\"},\"inLanguage\":\"de\",\"potentialAction\":[{\"@type\":\"ReadAction\",\"target\":[\"https:\/\/www.imagenesyarte.com\/de\/2018\/03\/02\/mystisches-licht\/\"]}]},{\"@type\":\"ImageObject\",\"inLanguage\":\"de\",\"@id\":\"https:\/\/www.imagenesyarte.com\/de\/2018\/03\/02\/mystisches-licht\/#primaryimage\",\"url\":\"https:\/\/www.imagenesyarte.com\/de\/wp-content\/uploads\/2018\/03\/abdecken-mystisches-licht-Jos-van-Wunnik.jpg\",\"contentUrl\":\"https:\/\/www.imagenesyarte.com\/de\/wp-content\/uploads\/2018\/03\/abdecken-mystisches-licht-Jos-van-Wunnik.jpg\",\"width\":320,\"height\":200,\"caption\":\"abdecken mystisches licht Jos van Wunnik Kunst und Bilder\"},{\"@type\":\"BreadcrumbList\",\"@id\":\"https:\/\/www.imagenesyarte.com\/de\/2018\/03\/02\/mystisches-licht\/#breadcrumb\",\"itemListElement\":[{\"@type\":\"ListItem\",\"position\":1,\"name\":\"Startseite\",\"item\":\"https:\/\/www.imagenesyarte.com\/de\/\"},{\"@type\":\"ListItem\",\"position\":2,\"name\":\"Mystisches Licht\"}]},{\"@type\":\"WebSite\",\"@id\":\"https:\/\/www.imagenesyarte.com\/de\/#website\",\"url\":\"https:\/\/www.imagenesyarte.com\/de\/\",\"name\":\"Kunst und Bilder\",\"description\":\"Deine t\u00e4gliche Inspiration\",\"potentialAction\":[{\"@type\":\"SearchAction\",\"target\":{\"@type\":\"EntryPoint\",\"urlTemplate\":\"https:\/\/www.imagenesyarte.com\/de\/?s={search_term_string}\"},\"query-input\":{\"@type\":\"PropertyValueSpecification\",\"valueRequired\":true,\"valueName\":\"search_term_string\"}}],\"inLanguage\":\"de\"},{\"@type\":\"Person\",\"@id\":\"https:\/\/www.imagenesyarte.com\/de\/#\/schema\/person\/a896cb6efc615ff24c7130340b1b343f\",\"name\":\"imagenesyarte\",\"image\":{\"@type\":\"ImageObject\",\"inLanguage\":\"de\",\"@id\":\"https:\/\/www.imagenesyarte.com\/de\/#\/schema\/person\/image\/\",\"url\":\"https:\/\/secure.gravatar.com\/avatar\/9eb36beb0ce11d8bfffc4170541f33caf5704b69d3e9367a1ceb24bfac782dbd?s=96&r=g\",\"contentUrl\":\"https:\/\/secure.gravatar.com\/avatar\/9eb36beb0ce11d8bfffc4170541f33caf5704b69d3e9367a1ceb24bfac782dbd?s=96&r=g\",\"caption\":\"imagenesyarte\"},\"url\":\"https:\/\/www.imagenesyarte.com\/de\/author\/imagenesyarte\/\"}]}<\/script>\n<!-- \/ Yoast SEO plugin. -->","yoast_head_json":{"title":"Mystisches Licht - Kunst und Bilder","robots":{"index":"index","follow":"follow","max-snippet":"max-snippet:-1","max-image-preview":"max-image-preview:large","max-video-preview":"max-video-preview:-1"},"canonical":"https:\/\/www.imagenesyarte.com\/de\/2018\/03\/02\/mystisches-licht\/","og_locale":"de_DE","og_type":"article","og_title":"Mystisches Licht - Kunst und Bilder","og_description":"An diesem Samstag pr\u00e4sentiere ich Jos van Wunnik, Liebhaber von W\u00e4ldern und ruhigen Gew\u00e4ssern. Jos wurde 1951 geboren und verbringt sein ganzes Leben in Holland, zieht von hier nach dort in diesem kleinen Land und l\u00e4sst sich schlie\u00dflich in einem alten Bauernhaus in Schinwild nieder. Dort gibt er Kunstunterricht und kreiert weiterhin seine eigene Kunst.","og_url":"https:\/\/www.imagenesyarte.com\/de\/2018\/03\/02\/mystisches-licht\/","og_site_name":"Kunst und Bilder","article_published_time":"2018-03-02T07:00:46+00:00","article_modified_time":"2018-04-14T17:56:42+00:00","og_image":[{"width":320,"height":200,"url":"https:\/\/www.imagenesyarte.com\/de\/wp-content\/uploads\/2018\/03\/abdecken-mystisches-licht-Jos-van-Wunnik.jpg","type":"image\/jpeg"}],"author":"imagenesyarte","twitter_card":"summary_large_image","twitter_misc":{"Verfasst von":"imagenesyarte","Gesch\u00e4tzte Lesezeit":"3\u00a0Minuten"},"schema":{"@context":"https:\/\/schema.org","@graph":[{"@type":"Article","@id":"https:\/\/www.imagenesyarte.com\/de\/2018\/03\/02\/mystisches-licht\/#article","isPartOf":{"@id":"https:\/\/www.imagenesyarte.com\/de\/2018\/03\/02\/mystisches-licht\/"},"author":{"name":"imagenesyarte","@id":"https:\/\/www.imagenesyarte.com\/de\/#\/schema\/person\/a896cb6efc615ff24c7130340b1b343f"},"headline":"Mystisches Licht","datePublished":"2018-03-02T07:00:46+00:00","dateModified":"2018-04-14T17:56:42+00:00","mainEntityOfPage":{"@id":"https:\/\/www.imagenesyarte.com\/de\/2018\/03\/02\/mystisches-licht\/"},"wordCount":700,"commentCount":0,"image":{"@id":"https:\/\/www.imagenesyarte.com\/de\/2018\/03\/02\/mystisches-licht\/#primaryimage"},"thumbnailUrl":"https:\/\/www.imagenesyarte.com\/de\/wp-content\/uploads\/2018\/03\/abdecken-mystisches-licht-Jos-van-Wunnik.jpg","articleSection":["Fotografie"],"inLanguage":"de","potentialAction":[{"@type":"CommentAction","name":"Comment","target":["https:\/\/www.imagenesyarte.com\/de\/2018\/03\/02\/mystisches-licht\/#respond"]}]},{"@type":"WebPage","@id":"https:\/\/www.imagenesyarte.com\/de\/2018\/03\/02\/mystisches-licht\/","url":"https:\/\/www.imagenesyarte.com\/de\/2018\/03\/02\/mystisches-licht\/","name":"Mystisches Licht - Kunst und Bilder","isPartOf":{"@id":"https:\/\/www.imagenesyarte.com\/de\/#website"},"primaryImageOfPage":{"@id":"https:\/\/www.imagenesyarte.com\/de\/2018\/03\/02\/mystisches-licht\/#primaryimage"},"image":{"@id":"https:\/\/www.imagenesyarte.com\/de\/2018\/03\/02\/mystisches-licht\/#primaryimage"},"thumbnailUrl":"https:\/\/www.imagenesyarte.com\/de\/wp-content\/uploads\/2018\/03\/abdecken-mystisches-licht-Jos-van-Wunnik.jpg","datePublished":"2018-03-02T07:00:46+00:00","dateModified":"2018-04-14T17:56:42+00:00","author":{"@id":"https:\/\/www.imagenesyarte.com\/de\/#\/schema\/person\/a896cb6efc615ff24c7130340b1b343f"},"breadcrumb":{"@id":"https:\/\/www.imagenesyarte.com\/de\/2018\/03\/02\/mystisches-licht\/#breadcrumb"},"inLanguage":"de","potentialAction":[{"@type":"ReadAction","target":["https:\/\/www.imagenesyarte.com\/de\/2018\/03\/02\/mystisches-licht\/"]}]},{"@type":"ImageObject","inLanguage":"de","@id":"https:\/\/www.imagenesyarte.com\/de\/2018\/03\/02\/mystisches-licht\/#primaryimage","url":"https:\/\/www.imagenesyarte.com\/de\/wp-content\/uploads\/2018\/03\/abdecken-mystisches-licht-Jos-van-Wunnik.jpg","contentUrl":"https:\/\/www.imagenesyarte.com\/de\/wp-content\/uploads\/2018\/03\/abdecken-mystisches-licht-Jos-van-Wunnik.jpg","width":320,"height":200,"caption":"abdecken mystisches licht Jos van Wunnik Kunst und Bilder"},{"@type":"BreadcrumbList","@id":"https:\/\/www.imagenesyarte.com\/de\/2018\/03\/02\/mystisches-licht\/#breadcrumb","itemListElement":[{"@type":"ListItem","position":1,"name":"Startseite","item":"https:\/\/www.imagenesyarte.com\/de\/"},{"@type":"ListItem","position":2,"name":"Mystisches Licht"}]},{"@type":"WebSite","@id":"https:\/\/www.imagenesyarte.com\/de\/#website","url":"https:\/\/www.imagenesyarte.com\/de\/","name":"Kunst und Bilder","description":"Deine t\u00e4gliche Inspiration","potentialAction":[{"@type":"SearchAction","target":{"@type":"EntryPoint","urlTemplate":"https:\/\/www.imagenesyarte.com\/de\/?s={search_term_string}"},"query-input":{"@type":"PropertyValueSpecification","valueRequired":true,"valueName":"search_term_string"}}],"inLanguage":"de"},{"@type":"Person","@id":"https:\/\/www.imagenesyarte.com\/de\/#\/schema\/person\/a896cb6efc615ff24c7130340b1b343f","name":"imagenesyarte","image":{"@type":"ImageObject","inLanguage":"de","@id":"https:\/\/www.imagenesyarte.com\/de\/#\/schema\/person\/image\/","url":"https:\/\/secure.gravatar.com\/avatar\/9eb36beb0ce11d8bfffc4170541f33caf5704b69d3e9367a1ceb24bfac782dbd?s=96&r=g","contentUrl":"https:\/\/secure.gravatar.com\/avatar\/9eb36beb0ce11d8bfffc4170541f33caf5704b69d3e9367a1ceb24bfac782dbd?s=96&r=g","caption":"imagenesyarte"},"url":"https:\/\/www.imagenesyarte.com\/de\/author\/imagenesyarte\/"}]}},"_links":{"self":[{"href":"https:\/\/www.imagenesyarte.com\/de\/wp-json\/wp\/v2\/posts\/3286","targetHints":{"allow":["GET"]}}],"collection":[{"href":"https:\/\/www.imagenesyarte.com\/de\/wp-json\/wp\/v2\/posts"}],"about":[{"href":"https:\/\/www.imagenesyarte.com\/de\/wp-json\/wp\/v2\/types\/post"}],"author":[{"embeddable":true,"href":"https:\/\/www.imagenesyarte.com\/de\/wp-json\/wp\/v2\/users\/1"}],"replies":[{"embeddable":true,"href":"https:\/\/www.imagenesyarte.com\/de\/wp-json\/wp\/v2\/comments?post=3286"}],"version-history":[{"count":2,"href":"https:\/\/www.imagenesyarte.com\/de\/wp-json\/wp\/v2\/posts\/3286\/revisions"}],"predecessor-version":[{"id":3288,"href":"https:\/\/www.imagenesyarte.com\/de\/wp-json\/wp\/v2\/posts\/3286\/revisions\/3288"}],"wp:featuredmedia":[{"embeddable":true,"href":"https:\/\/www.imagenesyarte.com\/de\/wp-json\/wp\/v2\/media\/3285"}],"wp:attachment":[{"href":"https:\/\/www.imagenesyarte.com\/de\/wp-json\/wp\/v2\/media?parent=3286"}],"wp:term":[{"taxonomy":"category","embeddable":true,"href":"https:\/\/www.imagenesyarte.com\/de\/wp-json\/wp\/v2\/categories?post=3286"},{"taxonomy":"post_tag","embeddable":true,"href":"https:\/\/www.imagenesyarte.com\/de\/wp-json\/wp\/v2\/tags?post=3286"}],"curies":[{"name":"wp","href":"https:\/\/api.w.org\/{rel}","templated":true}]}}