{"id":3534,"date":"2018-06-30T18:25:19","date_gmt":"2018-06-30T16:25:19","guid":{"rendered":"https:\/\/www.imagenesyarte.com\/de\/?p=3534"},"modified":"2018-06-30T18:52:35","modified_gmt":"2018-06-30T16:52:35","slug":"alphonse-mucha","status":"publish","type":"post","link":"https:\/\/www.imagenesyarte.com\/de\/2018\/06\/30\/alphonse-mucha\/","title":{"rendered":"Alphonse Mucha"},"content":{"rendered":"<h4><span class=\"dropcap transparent\" style=\"font-family:'Great Vibes',Arial,Tahoma,sans-serif; color:#ffc013; font-size:70px;height:70px;line-height:70px;width:70px;\">D<\/span>\neutsch<\/p>\n<\/h4>\n<h2><\/h2>\n<p>Alphonse Mucha, dem wir den heutigen Post am Samstag widmen, war ein tschechischer K\u00fcnstler, der sowohl in seiner eigenen Zeit, als auch heute sehr bekannt ist. Er lebte und starb in der Tschechischen Republik, seiner Heimat und sein Leben erfolgte zwischen 1860 und 1939.<\/p>\n<p>Als sehr vielseitiger K\u00fcnstler, umfasste er viele verschiedene Bereiche, nicht nur Zeichnung und Malerei, sondern auch das Design von Dekorationsgegenst\u00e4nden und Schmuck, Glasmalerei und  ebenso Inneneinrichtungen mit Wandgem\u00e4lden usw.<\/p>\n<p>Aber wof\u00fcr er den Weltruhm erwarb, war f\u00fcr seine ber\u00fchmten Werbeplakate mit jungen Frauen in klassischer Kleidung und umgeben von Blumen und dekorativen Auras. Mit diesen konnte er sich im Jugendstil, der sowohl in Paris als auch in Prag seine gr\u00f6\u00dfte Pracht entfaltete, auf eine sehr pers\u00f6nliche Weise ausdr\u00fccken.<\/p>\n<p>Einen Teil seines Lebens verbrachte er in Paris und er war daher nicht nur ein Zeuge, sondern ein wesentlicher Teil des gro\u00dfen Booms dieser Kunstrichtung in den zwei St\u00e4dten, in denen er seine Tage verlebte. Heute gilt er als eine der gro\u00dfen Figuren des Jugendstils.<\/p>\n<p>Genie\u00dfen Sie hier eine kleine Auswahl seiner Arbeiten.<\/p>\n<p>Im <a target=\"_blank\" href=\"https:\/\/www.imagenesyarte.com\/de\/2018\/06\/23\/bunte-natur-auf-keramik\/\"><b>letzten Beitrag<\/b><\/a> wurde die K\u00fcnstlerin Stacey Manser Knight vorgestellt<\/p>\n<h2><\/h2>\n<p><center>__________<\/center><\/p>\n<h2><\/h2>\n<h4><span class=\"dropcap transparent\" style=\"font-family:'Great Vibes',Arial,Tahoma,sans-serif; color:#ffc013; font-size:70px;height:70px;line-height:70px;width:70px;\">E<\/span>\nnglish<\/p>\n<\/h4>\n<h2><\/h2\n\n\n<p>Alphonse Mucha, to whom we dedicate today&#8217;s post on Saturday, was a Czech artist well known both in his own time and today. He lived and died in the Czech Republic, his native country and his life lasted between 1860 and 1939.<\/p>\n<p>He was a very versatile artist, who embraced many different fields, not only drawing and painting, but also the design of decorative items and jewelry, stained glass and interior decoration with murals etc.<\/p>\n<p>But for what more world fame he acquired was for his famous advertising posters with young women in classic clothes and surrounded by flowers and decorative haloes. With these he managed to express himself in a very personal way in the Art Nouveau, which both in Paris and in Prague had its maximum splendor.<\/p>\n<p>Part of his life happened in Paris and therefore he was not only a witness, but an integral part of the great boom of this art in the two cities in which he spent his days. Today he is considered one of the great figures of Art Nouveau.<\/p>\n<p>Enjoy a small selection of his work here below.<\/p>\n<p>In <a target=\"_blank\" href=\"https:\/\/www.imagenesyarte.com\/de\/2018\/06\/23\/bunte-natur-auf-keramik\/\"><b>the last post<\/b><\/a> was presented to the artist Stacey Manser Knight<\/p>\n<p>no-repeat;center top;;<\/p>\n<p>auto<\/p>\n<p><img decoding=\"async\" src=\"https:\/\/www.imagenesyarte.com\/wp-content\/uploads\/2018\/06\/Alphonse-Mucha-3.jpg\" alt=\"\"\/><\/p>\n<p>center<\/p>\n<p>https:\/\/www.imagenesyarte.com\/wp-content\/uploads\/2018\/06\/Alphonse-Mucha-3.jpg<\/p>\n<p><img decoding=\"async\" src=\"https:\/\/www.imagenesyarte.com\/wp-content\/uploads\/2018\/06\/Alphonse-Mucha-4.jpg\" alt=\"\"\/><\/p>\n<p>center<\/p>\n<p>https:\/\/www.imagenesyarte.com\/wp-content\/uploads\/2018\/06\/Alphonse-Mucha-4.jpg<\/p>\n<p><img decoding=\"async\" src=\"https:\/\/www.imagenesyarte.com\/wp-content\/uploads\/2018\/06\/Alphonse-Mucha-5.jpg\" alt=\"\"\/><\/p>\n<p>center<\/p>\n<p>https:\/\/www.imagenesyarte.com\/wp-content\/uploads\/2018\/06\/Alphonse-Mucha-5.jpg<\/p>\n<p><img decoding=\"async\" src=\"https:\/\/www.imagenesyarte.com\/wp-content\/uploads\/2018\/06\/Alphonse-Mucha-6.jpg\" alt=\"\"\/><\/p>\n<p>center<\/p>\n<p>https:\/\/www.imagenesyarte.com\/wp-content\/uploads\/2018\/06\/Alphonse-Mucha-6.jpg<\/p>\n<p><img decoding=\"async\" src=\"https:\/\/www.imagenesyarte.com\/wp-content\/uploads\/2018\/06\/Alphonse-Mucha-12.jpg\" alt=\"\"\/><\/p>\n<p>center<\/p>\n<p>https:\/\/www.imagenesyarte.com\/wp-content\/uploads\/2018\/06\/Alphonse-Mucha-12.jpg<\/p>\n<p><img decoding=\"async\" src=\"https:\/\/www.imagenesyarte.com\/wp-content\/uploads\/2018\/06\/Alphonse-Mucha-9.jpg\" alt=\"\"\/><\/p>\n<p>center<\/p>\n<p>https:\/\/www.imagenesyarte.com\/wp-content\/uploads\/2018\/06\/Alphonse-Mucha-9.jpg<\/p>\n<p><img decoding=\"async\" src=\"https:\/\/www.imagenesyarte.com\/wp-content\/uploads\/2018\/06\/Alphonse-Mucha-10.jpg\" alt=\"\"\/><\/p>\n<p>center<\/p>\n<p>https:\/\/www.imagenesyarte.com\/wp-content\/uploads\/2018\/06\/Alphonse-Mucha-10.jpg<\/p>\n<p><img decoding=\"async\" src=\"https:\/\/www.imagenesyarte.com\/wp-content\/uploads\/2018\/06\/Alphonse-Mucha-11.jpg\" alt=\"\"\/><\/p>\n<p>center<\/p>\n<p>https:\/\/www.imagenesyarte.com\/wp-content\/uploads\/2018\/06\/Alphonse-Mucha-11.jpg<\/p>\n<p><img decoding=\"async\" src=\"https:\/\/www.imagenesyarte.com\/wp-content\/uploads\/2018\/06\/Alphonse-Mucha-22.jpg\" alt=\"\"\/><\/p>\n<p>center<\/p>\n<p>https:\/\/www.imagenesyarte.com\/wp-content\/uploads\/2018\/06\/Alphonse-Mucha-22.jpg<\/p>\n<p><img decoding=\"async\" src=\"https:\/\/www.imagenesyarte.com\/wp-content\/uploads\/2018\/06\/Alphonse-Mucha-7.jpg\" alt=\"\"\/><\/p>\n<p>center<\/p>\n<p>https:\/\/www.imagenesyarte.com\/wp-content\/uploads\/2018\/06\/Alphonse-Mucha-7.jpg<\/p>\n<p><img decoding=\"async\" src=\"https:\/\/www.imagenesyarte.com\/wp-content\/uploads\/2018\/06\/Alphonse-Mucha-23.jpg\" alt=\"\"\/><\/p>\n<p>center<\/p>\n<p>https:\/\/www.imagenesyarte.com\/wp-content\/uploads\/2018\/06\/Alphonse-Mucha-23.jpg<\/p>\n<p><img decoding=\"async\" src=\"https:\/\/www.imagenesyarte.com\/wp-content\/uploads\/2018\/06\/Alphonse-Mucha-28.jpg\" alt=\"\"\/><\/p>\n<p>center<\/p>\n<p>https:\/\/www.imagenesyarte.com\/wp-content\/uploads\/2018\/06\/Alphonse-Mucha-28.jpg<\/p>\n<p><img decoding=\"async\" src=\"https:\/\/www.imagenesyarte.com\/wp-content\/uploads\/2018\/06\/Alphonse-Mucha-26.jpg\" alt=\"\"\/><\/p>\n<p>center<\/p>\n<p>https:\/\/www.imagenesyarte.com\/wp-content\/uploads\/2018\/06\/Alphonse-Mucha-26.jpg<\/p>\n<p><img decoding=\"async\" src=\"https:\/\/www.imagenesyarte.com\/wp-content\/uploads\/2018\/06\/Alphonse-Mucha-24.jpg\" alt=\"\"\/><\/p>\n<p>center<\/p>\n<p>https:\/\/www.imagenesyarte.com\/wp-content\/uploads\/2018\/06\/Alphonse-Mucha-24.jpg<\/p>\n<p><img decoding=\"async\" src=\"https:\/\/www.imagenesyarte.com\/wp-content\/uploads\/2018\/06\/Alphonse-Mucha-25.jpg\" alt=\"\"\/><\/p>\n<p>center<\/p>\n<p>https:\/\/www.imagenesyarte.com\/wp-content\/uploads\/2018\/06\/Alphonse-Mucha-25.jpg<\/p>\n<p><img decoding=\"async\" src=\"https:\/\/www.imagenesyarte.com\/wp-content\/uploads\/2018\/06\/Alphonse-Mucha-27.jpg\" alt=\"\"\/><\/p>\n<p>center<\/p>\n<p>https:\/\/www.imagenesyarte.com\/wp-content\/uploads\/2018\/06\/Alphonse-Mucha-27.jpg<\/p>\n","protected":false},"excerpt":{"rendered":"<p>Alphonse Mucha, dem wir den heutigen Post am Samstag widmen, war ein tschechischer K\u00fcnstler, der sowohl in seiner eigenen Zeit, als auch heute sehr bekannt ist. Er lebte und starb in der Tschechischen Republik, seiner Heimat und sein Leben erfolgte zwischen 1860 und 1939.<br \/>\nAls sehr vielseitiger K\u00fcnstler, umfasste er viele verschiedene Bereiche, nicht nur Zeichnung und Malerei, sondern auch das Design von Dekorationsgegenst\u00e4nden und Schmuck, Glasmalerei und  ebenso Inneneinrichtungen mit Wandgem\u00e4lden usw.<\/p>\n","protected":false},"author":1,"featured_media":3532,"comment_status":"open","ping_status":"open","sticky":false,"template":"","format":"standard","meta":{"pmpro_default_level":"","footnotes":""},"categories":[23],"tags":[],"class_list":["post-3534","post","type-post","status-publish","format-standard","has-post-thumbnail","hentry","category-klassische-werke","pmpro-has-access"],"yoast_head":"<!-- This site is optimized with the Yoast SEO plugin v27.0 - https:\/\/yoast.com\/product\/yoast-seo-wordpress\/ -->\n<title>Alphonse Mucha - Kunst und Bilder<\/title>\n<meta name=\"robots\" content=\"index, follow, max-snippet:-1, max-image-preview:large, max-video-preview:-1\" \/>\n<link rel=\"canonical\" href=\"https:\/\/www.imagenesyarte.com\/de\/2018\/06\/30\/alphonse-mucha\/\" \/>\n<meta property=\"og:locale\" content=\"de_DE\" \/>\n<meta property=\"og:type\" content=\"article\" \/>\n<meta property=\"og:title\" content=\"Alphonse Mucha - Kunst und Bilder\" \/>\n<meta property=\"og:description\" content=\"Alphonse Mucha, dem wir den heutigen Post am Samstag widmen, war ein tschechischer K\u00fcnstler, der sowohl in seiner eigenen Zeit, als auch heute sehr bekannt ist. Er lebte und starb in der Tschechischen Republik, seiner Heimat und sein Leben erfolgte zwischen 1860 und 1939. Als sehr vielseitiger K\u00fcnstler, umfasste er viele verschiedene Bereiche, nicht nur Zeichnung und Malerei, sondern auch das Design von Dekorationsgegenst\u00e4nden und Schmuck, Glasmalerei und ebenso Inneneinrichtungen mit Wandgem\u00e4lden usw.\" \/>\n<meta property=\"og:url\" content=\"https:\/\/www.imagenesyarte.com\/de\/2018\/06\/30\/alphonse-mucha\/\" \/>\n<meta property=\"og:site_name\" content=\"Kunst und Bilder\" \/>\n<meta property=\"article:published_time\" content=\"2018-06-30T16:25:19+00:00\" \/>\n<meta property=\"article:modified_time\" content=\"2018-06-30T16:52:35+00:00\" \/>\n<meta property=\"og:image\" content=\"https:\/\/www.imagenesyarte.com\/de\/wp-content\/uploads\/2018\/06\/Alphonse-Mucha-abdecken.jpg\" \/>\n\t<meta property=\"og:image:width\" content=\"320\" \/>\n\t<meta property=\"og:image:height\" content=\"200\" \/>\n\t<meta property=\"og:image:type\" content=\"image\/jpeg\" \/>\n<meta name=\"author\" content=\"imagenesyarte\" \/>\n<meta name=\"twitter:card\" content=\"summary_large_image\" \/>\n<meta name=\"twitter:label1\" content=\"Verfasst von\" \/>\n\t<meta name=\"twitter:data1\" content=\"imagenesyarte\" \/>\n\t<meta name=\"twitter:label2\" content=\"Gesch\u00e4tzte Lesezeit\" \/>\n\t<meta name=\"twitter:data2\" content=\"1\u00a0Minute\" \/>\n<script type=\"application\/ld+json\" class=\"yoast-schema-graph\">{\"@context\":\"https:\/\/schema.org\",\"@graph\":[{\"@type\":\"Article\",\"@id\":\"https:\/\/www.imagenesyarte.com\/de\/2018\/06\/30\/alphonse-mucha\/#article\",\"isPartOf\":{\"@id\":\"https:\/\/www.imagenesyarte.com\/de\/2018\/06\/30\/alphonse-mucha\/\"},\"author\":{\"name\":\"imagenesyarte\",\"@id\":\"https:\/\/www.imagenesyarte.com\/de\/#\/schema\/person\/a896cb6efc615ff24c7130340b1b343f\"},\"headline\":\"Alphonse Mucha\",\"datePublished\":\"2018-06-30T16:25:19+00:00\",\"dateModified\":\"2018-06-30T16:52:35+00:00\",\"mainEntityOfPage\":{\"@id\":\"https:\/\/www.imagenesyarte.com\/de\/2018\/06\/30\/alphonse-mucha\/\"},\"wordCount\":226,\"commentCount\":0,\"image\":{\"@id\":\"https:\/\/www.imagenesyarte.com\/de\/2018\/06\/30\/alphonse-mucha\/#primaryimage\"},\"thumbnailUrl\":\"https:\/\/www.imagenesyarte.com\/de\/wp-content\/uploads\/2018\/06\/Alphonse-Mucha-abdecken.jpg\",\"articleSection\":[\"Klassische Werke\"],\"inLanguage\":\"de\",\"potentialAction\":[{\"@type\":\"CommentAction\",\"name\":\"Comment\",\"target\":[\"https:\/\/www.imagenesyarte.com\/de\/2018\/06\/30\/alphonse-mucha\/#respond\"]}]},{\"@type\":\"WebPage\",\"@id\":\"https:\/\/www.imagenesyarte.com\/de\/2018\/06\/30\/alphonse-mucha\/\",\"url\":\"https:\/\/www.imagenesyarte.com\/de\/2018\/06\/30\/alphonse-mucha\/\",\"name\":\"Alphonse Mucha - Kunst und Bilder\",\"isPartOf\":{\"@id\":\"https:\/\/www.imagenesyarte.com\/de\/#website\"},\"primaryImageOfPage\":{\"@id\":\"https:\/\/www.imagenesyarte.com\/de\/2018\/06\/30\/alphonse-mucha\/#primaryimage\"},\"image\":{\"@id\":\"https:\/\/www.imagenesyarte.com\/de\/2018\/06\/30\/alphonse-mucha\/#primaryimage\"},\"thumbnailUrl\":\"https:\/\/www.imagenesyarte.com\/de\/wp-content\/uploads\/2018\/06\/Alphonse-Mucha-abdecken.jpg\",\"datePublished\":\"2018-06-30T16:25:19+00:00\",\"dateModified\":\"2018-06-30T16:52:35+00:00\",\"author\":{\"@id\":\"https:\/\/www.imagenesyarte.com\/de\/#\/schema\/person\/a896cb6efc615ff24c7130340b1b343f\"},\"breadcrumb\":{\"@id\":\"https:\/\/www.imagenesyarte.com\/de\/2018\/06\/30\/alphonse-mucha\/#breadcrumb\"},\"inLanguage\":\"de\",\"potentialAction\":[{\"@type\":\"ReadAction\",\"target\":[\"https:\/\/www.imagenesyarte.com\/de\/2018\/06\/30\/alphonse-mucha\/\"]}]},{\"@type\":\"ImageObject\",\"inLanguage\":\"de\",\"@id\":\"https:\/\/www.imagenesyarte.com\/de\/2018\/06\/30\/alphonse-mucha\/#primaryimage\",\"url\":\"https:\/\/www.imagenesyarte.com\/de\/wp-content\/uploads\/2018\/06\/Alphonse-Mucha-abdecken.jpg\",\"contentUrl\":\"https:\/\/www.imagenesyarte.com\/de\/wp-content\/uploads\/2018\/06\/Alphonse-Mucha-abdecken.jpg\",\"width\":320,\"height\":200,\"caption\":\"Alphonse Mucha abdecken Kunst und Bilder\"},{\"@type\":\"BreadcrumbList\",\"@id\":\"https:\/\/www.imagenesyarte.com\/de\/2018\/06\/30\/alphonse-mucha\/#breadcrumb\",\"itemListElement\":[{\"@type\":\"ListItem\",\"position\":1,\"name\":\"Startseite\",\"item\":\"https:\/\/www.imagenesyarte.com\/de\/\"},{\"@type\":\"ListItem\",\"position\":2,\"name\":\"Alphonse Mucha\"}]},{\"@type\":\"WebSite\",\"@id\":\"https:\/\/www.imagenesyarte.com\/de\/#website\",\"url\":\"https:\/\/www.imagenesyarte.com\/de\/\",\"name\":\"Kunst und Bilder\",\"description\":\"Deine t\u00e4gliche Inspiration\",\"potentialAction\":[{\"@type\":\"SearchAction\",\"target\":{\"@type\":\"EntryPoint\",\"urlTemplate\":\"https:\/\/www.imagenesyarte.com\/de\/?s={search_term_string}\"},\"query-input\":{\"@type\":\"PropertyValueSpecification\",\"valueRequired\":true,\"valueName\":\"search_term_string\"}}],\"inLanguage\":\"de\"},{\"@type\":\"Person\",\"@id\":\"https:\/\/www.imagenesyarte.com\/de\/#\/schema\/person\/a896cb6efc615ff24c7130340b1b343f\",\"name\":\"imagenesyarte\",\"image\":{\"@type\":\"ImageObject\",\"inLanguage\":\"de\",\"@id\":\"https:\/\/www.imagenesyarte.com\/de\/#\/schema\/person\/image\/\",\"url\":\"https:\/\/secure.gravatar.com\/avatar\/9eb36beb0ce11d8bfffc4170541f33caf5704b69d3e9367a1ceb24bfac782dbd?s=96&r=g\",\"contentUrl\":\"https:\/\/secure.gravatar.com\/avatar\/9eb36beb0ce11d8bfffc4170541f33caf5704b69d3e9367a1ceb24bfac782dbd?s=96&r=g\",\"caption\":\"imagenesyarte\"},\"url\":\"https:\/\/www.imagenesyarte.com\/de\/author\/imagenesyarte\/\"}]}<\/script>\n<!-- \/ Yoast SEO plugin. -->","yoast_head_json":{"title":"Alphonse Mucha - Kunst und Bilder","robots":{"index":"index","follow":"follow","max-snippet":"max-snippet:-1","max-image-preview":"max-image-preview:large","max-video-preview":"max-video-preview:-1"},"canonical":"https:\/\/www.imagenesyarte.com\/de\/2018\/06\/30\/alphonse-mucha\/","og_locale":"de_DE","og_type":"article","og_title":"Alphonse Mucha - Kunst und Bilder","og_description":"Alphonse Mucha, dem wir den heutigen Post am Samstag widmen, war ein tschechischer K\u00fcnstler, der sowohl in seiner eigenen Zeit, als auch heute sehr bekannt ist. Er lebte und starb in der Tschechischen Republik, seiner Heimat und sein Leben erfolgte zwischen 1860 und 1939. Als sehr vielseitiger K\u00fcnstler, umfasste er viele verschiedene Bereiche, nicht nur Zeichnung und Malerei, sondern auch das Design von Dekorationsgegenst\u00e4nden und Schmuck, Glasmalerei und ebenso Inneneinrichtungen mit Wandgem\u00e4lden usw.","og_url":"https:\/\/www.imagenesyarte.com\/de\/2018\/06\/30\/alphonse-mucha\/","og_site_name":"Kunst und Bilder","article_published_time":"2018-06-30T16:25:19+00:00","article_modified_time":"2018-06-30T16:52:35+00:00","og_image":[{"width":320,"height":200,"url":"https:\/\/www.imagenesyarte.com\/de\/wp-content\/uploads\/2018\/06\/Alphonse-Mucha-abdecken.jpg","type":"image\/jpeg"}],"author":"imagenesyarte","twitter_card":"summary_large_image","twitter_misc":{"Verfasst von":"imagenesyarte","Gesch\u00e4tzte Lesezeit":"1\u00a0Minute"},"schema":{"@context":"https:\/\/schema.org","@graph":[{"@type":"Article","@id":"https:\/\/www.imagenesyarte.com\/de\/2018\/06\/30\/alphonse-mucha\/#article","isPartOf":{"@id":"https:\/\/www.imagenesyarte.com\/de\/2018\/06\/30\/alphonse-mucha\/"},"author":{"name":"imagenesyarte","@id":"https:\/\/www.imagenesyarte.com\/de\/#\/schema\/person\/a896cb6efc615ff24c7130340b1b343f"},"headline":"Alphonse Mucha","datePublished":"2018-06-30T16:25:19+00:00","dateModified":"2018-06-30T16:52:35+00:00","mainEntityOfPage":{"@id":"https:\/\/www.imagenesyarte.com\/de\/2018\/06\/30\/alphonse-mucha\/"},"wordCount":226,"commentCount":0,"image":{"@id":"https:\/\/www.imagenesyarte.com\/de\/2018\/06\/30\/alphonse-mucha\/#primaryimage"},"thumbnailUrl":"https:\/\/www.imagenesyarte.com\/de\/wp-content\/uploads\/2018\/06\/Alphonse-Mucha-abdecken.jpg","articleSection":["Klassische Werke"],"inLanguage":"de","potentialAction":[{"@type":"CommentAction","name":"Comment","target":["https:\/\/www.imagenesyarte.com\/de\/2018\/06\/30\/alphonse-mucha\/#respond"]}]},{"@type":"WebPage","@id":"https:\/\/www.imagenesyarte.com\/de\/2018\/06\/30\/alphonse-mucha\/","url":"https:\/\/www.imagenesyarte.com\/de\/2018\/06\/30\/alphonse-mucha\/","name":"Alphonse Mucha - Kunst und Bilder","isPartOf":{"@id":"https:\/\/www.imagenesyarte.com\/de\/#website"},"primaryImageOfPage":{"@id":"https:\/\/www.imagenesyarte.com\/de\/2018\/06\/30\/alphonse-mucha\/#primaryimage"},"image":{"@id":"https:\/\/www.imagenesyarte.com\/de\/2018\/06\/30\/alphonse-mucha\/#primaryimage"},"thumbnailUrl":"https:\/\/www.imagenesyarte.com\/de\/wp-content\/uploads\/2018\/06\/Alphonse-Mucha-abdecken.jpg","datePublished":"2018-06-30T16:25:19+00:00","dateModified":"2018-06-30T16:52:35+00:00","author":{"@id":"https:\/\/www.imagenesyarte.com\/de\/#\/schema\/person\/a896cb6efc615ff24c7130340b1b343f"},"breadcrumb":{"@id":"https:\/\/www.imagenesyarte.com\/de\/2018\/06\/30\/alphonse-mucha\/#breadcrumb"},"inLanguage":"de","potentialAction":[{"@type":"ReadAction","target":["https:\/\/www.imagenesyarte.com\/de\/2018\/06\/30\/alphonse-mucha\/"]}]},{"@type":"ImageObject","inLanguage":"de","@id":"https:\/\/www.imagenesyarte.com\/de\/2018\/06\/30\/alphonse-mucha\/#primaryimage","url":"https:\/\/www.imagenesyarte.com\/de\/wp-content\/uploads\/2018\/06\/Alphonse-Mucha-abdecken.jpg","contentUrl":"https:\/\/www.imagenesyarte.com\/de\/wp-content\/uploads\/2018\/06\/Alphonse-Mucha-abdecken.jpg","width":320,"height":200,"caption":"Alphonse Mucha abdecken Kunst und Bilder"},{"@type":"BreadcrumbList","@id":"https:\/\/www.imagenesyarte.com\/de\/2018\/06\/30\/alphonse-mucha\/#breadcrumb","itemListElement":[{"@type":"ListItem","position":1,"name":"Startseite","item":"https:\/\/www.imagenesyarte.com\/de\/"},{"@type":"ListItem","position":2,"name":"Alphonse Mucha"}]},{"@type":"WebSite","@id":"https:\/\/www.imagenesyarte.com\/de\/#website","url":"https:\/\/www.imagenesyarte.com\/de\/","name":"Kunst und Bilder","description":"Deine t\u00e4gliche Inspiration","potentialAction":[{"@type":"SearchAction","target":{"@type":"EntryPoint","urlTemplate":"https:\/\/www.imagenesyarte.com\/de\/?s={search_term_string}"},"query-input":{"@type":"PropertyValueSpecification","valueRequired":true,"valueName":"search_term_string"}}],"inLanguage":"de"},{"@type":"Person","@id":"https:\/\/www.imagenesyarte.com\/de\/#\/schema\/person\/a896cb6efc615ff24c7130340b1b343f","name":"imagenesyarte","image":{"@type":"ImageObject","inLanguage":"de","@id":"https:\/\/www.imagenesyarte.com\/de\/#\/schema\/person\/image\/","url":"https:\/\/secure.gravatar.com\/avatar\/9eb36beb0ce11d8bfffc4170541f33caf5704b69d3e9367a1ceb24bfac782dbd?s=96&r=g","contentUrl":"https:\/\/secure.gravatar.com\/avatar\/9eb36beb0ce11d8bfffc4170541f33caf5704b69d3e9367a1ceb24bfac782dbd?s=96&r=g","caption":"imagenesyarte"},"url":"https:\/\/www.imagenesyarte.com\/de\/author\/imagenesyarte\/"}]}},"_links":{"self":[{"href":"https:\/\/www.imagenesyarte.com\/de\/wp-json\/wp\/v2\/posts\/3534","targetHints":{"allow":["GET"]}}],"collection":[{"href":"https:\/\/www.imagenesyarte.com\/de\/wp-json\/wp\/v2\/posts"}],"about":[{"href":"https:\/\/www.imagenesyarte.com\/de\/wp-json\/wp\/v2\/types\/post"}],"author":[{"embeddable":true,"href":"https:\/\/www.imagenesyarte.com\/de\/wp-json\/wp\/v2\/users\/1"}],"replies":[{"embeddable":true,"href":"https:\/\/www.imagenesyarte.com\/de\/wp-json\/wp\/v2\/comments?post=3534"}],"version-history":[{"count":3,"href":"https:\/\/www.imagenesyarte.com\/de\/wp-json\/wp\/v2\/posts\/3534\/revisions"}],"predecessor-version":[{"id":3539,"href":"https:\/\/www.imagenesyarte.com\/de\/wp-json\/wp\/v2\/posts\/3534\/revisions\/3539"}],"wp:featuredmedia":[{"embeddable":true,"href":"https:\/\/www.imagenesyarte.com\/de\/wp-json\/wp\/v2\/media\/3532"}],"wp:attachment":[{"href":"https:\/\/www.imagenesyarte.com\/de\/wp-json\/wp\/v2\/media?parent=3534"}],"wp:term":[{"taxonomy":"category","embeddable":true,"href":"https:\/\/www.imagenesyarte.com\/de\/wp-json\/wp\/v2\/categories?post=3534"},{"taxonomy":"post_tag","embeddable":true,"href":"https:\/\/www.imagenesyarte.com\/de\/wp-json\/wp\/v2\/tags?post=3534"}],"curies":[{"name":"wp","href":"https:\/\/api.w.org\/{rel}","templated":true}]}}