{"id":3652,"date":"2018-09-22T16:58:21","date_gmt":"2018-09-22T14:58:21","guid":{"rendered":"https:\/\/www.imagenesyarte.com\/de\/?p=3652"},"modified":"2018-09-22T17:03:30","modified_gmt":"2018-09-22T15:03:30","slug":"maerchen-in-schwarz-und-weiss","status":"publish","type":"post","link":"https:\/\/www.imagenesyarte.com\/de\/2018\/09\/22\/maerchen-in-schwarz-und-weiss\/","title":{"rendered":"M\u00e4rchen in Schwarz und Wei\u00df"},"content":{"rendered":"<h4><span class=\"dropcap transparent\" style=\"font-family:'Great Vibes',Arial,Tahoma,sans-serif; color:#ffc013; font-size:70px;height:70px;line-height:70px;width:70px;\">D<\/span>\neutsch<\/p>\n<\/h4>\n<h2><\/h2>\n<p>Olivia Kemp ist eine junge K\u00fcnstlerin aus England, die einen interessanten k\u00fcnstlerischen Weg zur\u00fcckgelegt hat, mit vielen Ausstellungen und erworbenen Auszeichnungen, w\u00e4hrend ihrer kurzen, aber intensiven Karriere. Kurz weil sie eben noch sehr jung ist.<\/p>\n<p>Ihre Arbeiten sind monumentale Gem\u00e4lde, h\u00f6chst sorgf\u00e4ltig gezeichnet, haupts\u00e4chlich mit Feder und Tinte. Sie liebt alle Details, die Architektur und Natur zu bieten haben, und verbringt Stunden damit, die Bl\u00e4tter oder die Rinden der B\u00e4ume zu zeichnen. Au\u00dferdem widmet sie den unz\u00e4hligen Details ihrer phantasievollen Schl\u00f6sser mit T\u00fcrmchen, Balkonen und Torb\u00f6gen absolute Aufmerksamkeit.<\/p>\n<p>Andere architektonische Elemente, die in ihrer Arbeit reichlich vorhanden sind, sind Br\u00fccken und Viadukte, Treppen und Steinw\u00e4nde. Ihre Motive sind wie festungsartige D\u00f6rfer, umgeben von Felsen und Vegetation. Zur gleichen Zeit wie ihre Technik von grossem Perfektionismus gepr\u00e4gt ist, entstehen ihre Kreationen aus ihrer Phantasie, eine Phantasie, die uns unbegrenzt scheint.<\/p>\n<p>Um mehr von dieser interessanten K\u00fcnstlerin zu sehen, besuchen Sie ihre Website <a target=\"_blank\" href=\"https:\/\/www.oliviakemp.co.uk\/\"><b>https:\/\/www.oliviakemp.co.uk\/<\/b> <\/a><\/p>\n<p><a target=\"_blank\" href=\"https:\/\/www.imagenesyarte.com\/de\/2018\/09\/15\/zaubergarten\/\"><b>Letzte Woche<\/b><\/a> haben wir die K\u00fcnstlerin Michelle Mischkulnig aus Australien vorgestellt.<\/p>\n<h2><\/h2>\n<p><center>__________<\/center><\/p>\n<h2><\/h2>\n<h4><span class=\"dropcap transparent\" style=\"font-family:'Great Vibes',Arial,Tahoma,sans-serif; color:#ffc013; font-size:70px;height:70px;line-height:70px;width:70px;\">E<\/span>\nnglish<\/p>\n<\/h4>\n<h2><\/h2>\n<p>Tales in black and white<\/p>\n<p>Olivia Kemp is a young artist from the United Kingdom, who has an important artistic path with many exhibitions and awards won during her short but intense career, short for how young she still is.<\/p>\n<p>Her works are monumental paintings, meticulously drawn, mainly by the technique of pen and ink. She recreates herself drawing the 1000 details that architecture and nature offer, spending hours and hours drawing the leaves or the bark of the trees, as well she devotes absolute attention to the innumerable details of her fanciful castles with turrets, balconies and arches.<\/p>\n<p>Other architectural elements that abound in her work are bridges and viaducts, stairs, and stone walls. Her motives are like fortress-type villages, surrounded by rocks and vegetation. At the same time that her technique is of a perfectionism that takes care of the detail to the maximum, her creations come out of her imagination, an imagination that seems unlimited to us.<\/p>\n<p>To see more of this interesting artist, see her website <a target=\"_blank\" href=\"https:\/\/www.oliviakemp.co.uk\/\"><b>https:\/\/www.oliviakemp.co.uk\/ <\/b><\/a><\/p>\n<p><a target=\"_blank\" href=\"https:\/\/www.imagenesyarte.com\/de\/2018\/09\/15\/zaubergarten\/\"><b>Last week<\/b><\/a> we presented the artist Michelle Mischkulnig from Australia.<\/p>\n<p>(Note: English is not my mother language, please excuse little faults)<\/p>\n<p>no-repeat;center top;;<\/p>\n<p>auto<\/p>\n<p><img decoding=\"async\" src=\"https:\/\/www.imagenesyarte.com\/wp-content\/uploads\/2018\/09\/Cuentos-en-Blanco-y-Negro-Olivia-Kemp-6.jpg\" alt=\"\"\/><\/p>\n<p>center<\/p>\n<p>https:\/\/www.imagenesyarte.com\/wp-content\/uploads\/2018\/09\/Cuentos-en-Blanco-y-Negro-Olivia-Kemp-6.jpg<\/p>\n<p><img decoding=\"async\" src=\"https:\/\/www.imagenesyarte.com\/wp-content\/uploads\/2018\/09\/Cuentos-en-Blanco-y-Negro-Olivia-Kemp-7.jpg\" alt=\"\"\/><\/p>\n<p>center<\/p>\n<p>https:\/\/www.imagenesyarte.com\/wp-content\/uploads\/2018\/09\/Cuentos-en-Blanco-y-Negro-Olivia-Kemp-7.jpg<\/p>\n<p><img decoding=\"async\" src=\"https:\/\/www.imagenesyarte.com\/wp-content\/uploads\/2018\/09\/Cuentos-en-Blanco-y-Negro-Olivia-Kemp-8.jpg\" alt=\"\"\/><\/p>\n<p>center<\/p>\n<p>https:\/\/www.imagenesyarte.com\/wp-content\/uploads\/2018\/09\/Cuentos-en-Blanco-y-Negro-Olivia-Kemp-8.jpg<\/p>\n<p><img decoding=\"async\" src=\"https:\/\/www.imagenesyarte.com\/wp-content\/uploads\/2018\/09\/Cuentos-en-Blanco-y-Negro-Olivia-Kemp-5.jpg\" alt=\"\"\/><\/p>\n<p>center<\/p>\n<p>https:\/\/www.imagenesyarte.com\/wp-content\/uploads\/2018\/09\/Cuentos-en-Blanco-y-Negro-Olivia-Kemp-5.jpg<\/p>\n<p><img decoding=\"async\" src=\"https:\/\/www.imagenesyarte.com\/wp-content\/uploads\/2018\/09\/Cuentos-en-Blanco-y-Negro-Olivia-Kemp-2.jpg\" alt=\"\"\/><\/p>\n<p>center<\/p>\n<p>https:\/\/www.imagenesyarte.com\/wp-content\/uploads\/2018\/09\/Cuentos-en-Blanco-y-Negro-Olivia-Kemp-2.jpg<\/p>\n<p><img decoding=\"async\" src=\"https:\/\/www.imagenesyarte.com\/wp-content\/uploads\/2018\/09\/Cuentos-en-Blanco-y-Negro-Olivia-Kemp-13.jpg\" alt=\"\"\/><\/p>\n<p>https:\/\/www.imagenesyarte.com\/wp-content\/uploads\/2018\/09\/Cuentos-en-Blanco-y-Negro-Olivia-Kemp-13.jpg<\/p>\n<p><img decoding=\"async\" src=\"https:\/\/www.imagenesyarte.com\/wp-content\/uploads\/2018\/09\/Cuentos-en-Blanco-y-Negro-Olivia-Kemp-1.jpg\" alt=\"\"\/><\/p>\n<p>center<\/p>\n<p>https:\/\/www.imagenesyarte.com\/wp-content\/uploads\/2018\/09\/Cuentos-en-Blanco-y-Negro-Olivia-Kemp-1.jpg<\/p>\n<p><img decoding=\"async\" src=\"https:\/\/www.imagenesyarte.com\/wp-content\/uploads\/2018\/09\/Cuentos-en-Blanco-y-Negro-Olivia-Kemp-18.jpg\" alt=\"\"\/><\/p>\n<p>center<\/p>\n<p>https:\/\/www.imagenesyarte.com\/wp-content\/uploads\/2018\/09\/Cuentos-en-Blanco-y-Negro-Olivia-Kemp-18.jpg<\/p>\n<p><img decoding=\"async\" src=\"https:\/\/www.imagenesyarte.com\/wp-content\/uploads\/2018\/09\/Cuentos-en-Blanco-y-Negro-Olivia-Kemp-20.jpg\" alt=\"\"\/><\/p>\n<p>center<\/p>\n<p>https:\/\/www.imagenesyarte.com\/wp-content\/uploads\/2018\/09\/Cuentos-en-Blanco-y-Negro-Olivia-Kemp-20.jpg<\/p>\n<p><img decoding=\"async\" src=\"https:\/\/www.imagenesyarte.com\/wp-content\/uploads\/2018\/09\/Cuentos-en-Blanco-y-Negro-Olivia-Kemp-3.jpg\" alt=\"\"\/><\/p>\n<p>center<\/p>\n<p>https:\/\/www.imagenesyarte.com\/wp-content\/uploads\/2018\/09\/Cuentos-en-Blanco-y-Negro-Olivia-Kemp-3.jpg<\/p>\n<p><img decoding=\"async\" src=\"https:\/\/www.imagenesyarte.com\/wp-content\/uploads\/2018\/09\/Cuentos-en-Blanco-y-Negro-Olivia-Kemp-19.jpg\" alt=\"\"\/><\/p>\n<p>center<\/p>\n<p>https:\/\/www.imagenesyarte.com\/wp-content\/uploads\/2018\/09\/Cuentos-en-Blanco-y-Negro-Olivia-Kemp-19.jpg<\/p>\n<p><img decoding=\"async\" src=\"https:\/\/www.imagenesyarte.com\/wp-content\/uploads\/2018\/09\/Cuentos-en-Blanco-y-Negro-Olivia-Kemp-4.jpg\" alt=\"\"\/><\/p>\n<p>center<\/p>\n<p>https:\/\/www.imagenesyarte.com\/wp-content\/uploads\/2018\/09\/Cuentos-en-Blanco-y-Negro-Olivia-Kemp-4.jpg<\/p>\n<p><img decoding=\"async\" src=\"https:\/\/www.imagenesyarte.com\/wp-content\/uploads\/2018\/09\/Cuentos-en-Blanco-y-Negro-Olivia-Kemp-10.jpg\" alt=\"\"\/><\/p>\n<p>center<\/p>\n<p>https:\/\/www.imagenesyarte.com\/wp-content\/uploads\/2018\/09\/Cuentos-en-Blanco-y-Negro-Olivia-Kemp-10.jpg<\/p>\n<p><img decoding=\"async\" src=\"https:\/\/www.imagenesyarte.com\/wp-content\/uploads\/2018\/09\/Cuentos-en-Blanco-y-Negro-Olivia-Kemp-9.jpg\" alt=\"\"\/><\/p>\n<p>center<\/p>\n<p>https:\/\/www.imagenesyarte.com\/wp-content\/uploads\/2018\/09\/Cuentos-en-Blanco-y-Negro-Olivia-Kemp-9.jpg<\/p>\n<p><img decoding=\"async\" src=\"https:\/\/www.imagenesyarte.com\/wp-content\/uploads\/2018\/09\/Cuentos-en-Blanco-y-Negro-Olivia-Kemp-17.jpg\" alt=\"\"\/><\/p>\n<p>center<\/p>\n<p>https:\/\/www.imagenesyarte.com\/wp-content\/uploads\/2018\/09\/Cuentos-en-Blanco-y-Negro-Olivia-Kemp-17.jpg<\/p>\n<p><img decoding=\"async\" src=\"https:\/\/www.imagenesyarte.com\/wp-content\/uploads\/2018\/09\/Cuentos-en-Blanco-y-Negro-Olivia-Kemp-12.jpg\" alt=\"\"\/><\/p>\n<p>center<\/p>\n<p>https:\/\/www.imagenesyarte.com\/wp-content\/uploads\/2018\/09\/Cuentos-en-Blanco-y-Negro-Olivia-Kemp-12.jpg<\/p>\n","protected":false},"excerpt":{"rendered":"<p>Olivia Kemp ist eine junge K\u00fcnstlerin aus England, die einen interessanten k\u00fcnstlerischen Weg zur\u00fcckgelegt hat, mit vielen Ausstellungen und erworbenen Auszeichnungen, w\u00e4hrend ihrer kurzen, aber intensiven Karriere. Kurz weil sie eben noch sehr jung ist.<\/p>\n","protected":false},"author":1,"featured_media":3651,"comment_status":"open","ping_status":"open","sticky":false,"template":"","format":"standard","meta":{"pmpro_default_level":"","footnotes":""},"categories":[17],"tags":[],"class_list":["post-3652","post","type-post","status-publish","format-standard","has-post-thumbnail","hentry","category-illustrationen","pmpro-has-access"],"yoast_head":"<!-- This site is optimized with the Yoast SEO plugin v27.0 - https:\/\/yoast.com\/product\/yoast-seo-wordpress\/ -->\n<title>M\u00e4rchen in Schwarz und Wei\u00df - Kunst und Bilder<\/title>\n<meta name=\"robots\" content=\"index, follow, max-snippet:-1, max-image-preview:large, max-video-preview:-1\" \/>\n<link rel=\"canonical\" href=\"https:\/\/www.imagenesyarte.com\/de\/2018\/09\/22\/maerchen-in-schwarz-und-weiss\/\" \/>\n<meta property=\"og:locale\" content=\"de_DE\" \/>\n<meta property=\"og:type\" content=\"article\" \/>\n<meta property=\"og:title\" content=\"M\u00e4rchen in Schwarz und Wei\u00df - Kunst und Bilder\" \/>\n<meta property=\"og:description\" content=\"Olivia Kemp ist eine junge K\u00fcnstlerin aus England, die einen interessanten k\u00fcnstlerischen Weg zur\u00fcckgelegt hat, mit vielen Ausstellungen und erworbenen Auszeichnungen, w\u00e4hrend ihrer kurzen, aber intensiven Karriere. Kurz weil sie eben noch sehr jung ist.\" \/>\n<meta property=\"og:url\" content=\"https:\/\/www.imagenesyarte.com\/de\/2018\/09\/22\/maerchen-in-schwarz-und-weiss\/\" \/>\n<meta property=\"og:site_name\" content=\"Kunst und Bilder\" \/>\n<meta property=\"article:published_time\" content=\"2018-09-22T14:58:21+00:00\" \/>\n<meta property=\"article:modified_time\" content=\"2018-09-22T15:03:30+00:00\" \/>\n<meta property=\"og:image\" content=\"https:\/\/www.imagenesyarte.com\/de\/wp-content\/uploads\/2018\/09\/Ma\u0308rchen-in-Schwarz-und-Wei\u00df-Olivia-Kemp-abdecken.jpg\" \/>\n\t<meta property=\"og:image:width\" content=\"320\" \/>\n\t<meta property=\"og:image:height\" content=\"200\" \/>\n\t<meta property=\"og:image:type\" content=\"image\/jpeg\" \/>\n<meta name=\"author\" content=\"imagenesyarte\" \/>\n<meta name=\"twitter:card\" content=\"summary_large_image\" \/>\n<meta name=\"twitter:label1\" content=\"Verfasst von\" \/>\n\t<meta name=\"twitter:data1\" content=\"imagenesyarte\" \/>\n\t<meta name=\"twitter:label2\" content=\"Gesch\u00e4tzte Lesezeit\" \/>\n\t<meta name=\"twitter:data2\" content=\"3\u00a0Minuten\" \/>\n<script type=\"application\/ld+json\" class=\"yoast-schema-graph\">{\"@context\":\"https:\/\/schema.org\",\"@graph\":[{\"@type\":\"Article\",\"@id\":\"https:\/\/www.imagenesyarte.com\/de\/2018\/09\/22\/maerchen-in-schwarz-und-weiss\/#article\",\"isPartOf\":{\"@id\":\"https:\/\/www.imagenesyarte.com\/de\/2018\/09\/22\/maerchen-in-schwarz-und-weiss\/\"},\"author\":{\"name\":\"imagenesyarte\",\"@id\":\"https:\/\/www.imagenesyarte.com\/de\/#\/schema\/person\/a896cb6efc615ff24c7130340b1b343f\"},\"headline\":\"M\u00e4rchen in Schwarz und Wei\u00df\",\"datePublished\":\"2018-09-22T14:58:21+00:00\",\"dateModified\":\"2018-09-22T15:03:30+00:00\",\"mainEntityOfPage\":{\"@id\":\"https:\/\/www.imagenesyarte.com\/de\/2018\/09\/22\/maerchen-in-schwarz-und-weiss\/\"},\"wordCount\":562,\"commentCount\":0,\"image\":{\"@id\":\"https:\/\/www.imagenesyarte.com\/de\/2018\/09\/22\/maerchen-in-schwarz-und-weiss\/#primaryimage\"},\"thumbnailUrl\":\"https:\/\/www.imagenesyarte.com\/de\/wp-content\/uploads\/2018\/09\/Ma\u0308rchen-in-Schwarz-und-Wei\u00df-Olivia-Kemp-abdecken.jpg\",\"articleSection\":[\"Illustrationen\"],\"inLanguage\":\"de\",\"potentialAction\":[{\"@type\":\"CommentAction\",\"name\":\"Comment\",\"target\":[\"https:\/\/www.imagenesyarte.com\/de\/2018\/09\/22\/maerchen-in-schwarz-und-weiss\/#respond\"]}]},{\"@type\":\"WebPage\",\"@id\":\"https:\/\/www.imagenesyarte.com\/de\/2018\/09\/22\/maerchen-in-schwarz-und-weiss\/\",\"url\":\"https:\/\/www.imagenesyarte.com\/de\/2018\/09\/22\/maerchen-in-schwarz-und-weiss\/\",\"name\":\"M\u00e4rchen in Schwarz und Wei\u00df - Kunst und Bilder\",\"isPartOf\":{\"@id\":\"https:\/\/www.imagenesyarte.com\/de\/#website\"},\"primaryImageOfPage\":{\"@id\":\"https:\/\/www.imagenesyarte.com\/de\/2018\/09\/22\/maerchen-in-schwarz-und-weiss\/#primaryimage\"},\"image\":{\"@id\":\"https:\/\/www.imagenesyarte.com\/de\/2018\/09\/22\/maerchen-in-schwarz-und-weiss\/#primaryimage\"},\"thumbnailUrl\":\"https:\/\/www.imagenesyarte.com\/de\/wp-content\/uploads\/2018\/09\/Ma\u0308rchen-in-Schwarz-und-Wei\u00df-Olivia-Kemp-abdecken.jpg\",\"datePublished\":\"2018-09-22T14:58:21+00:00\",\"dateModified\":\"2018-09-22T15:03:30+00:00\",\"author\":{\"@id\":\"https:\/\/www.imagenesyarte.com\/de\/#\/schema\/person\/a896cb6efc615ff24c7130340b1b343f\"},\"breadcrumb\":{\"@id\":\"https:\/\/www.imagenesyarte.com\/de\/2018\/09\/22\/maerchen-in-schwarz-und-weiss\/#breadcrumb\"},\"inLanguage\":\"de\",\"potentialAction\":[{\"@type\":\"ReadAction\",\"target\":[\"https:\/\/www.imagenesyarte.com\/de\/2018\/09\/22\/maerchen-in-schwarz-und-weiss\/\"]}]},{\"@type\":\"ImageObject\",\"inLanguage\":\"de\",\"@id\":\"https:\/\/www.imagenesyarte.com\/de\/2018\/09\/22\/maerchen-in-schwarz-und-weiss\/#primaryimage\",\"url\":\"https:\/\/www.imagenesyarte.com\/de\/wp-content\/uploads\/2018\/09\/Ma\u0308rchen-in-Schwarz-und-Wei\u00df-Olivia-Kemp-abdecken.jpg\",\"contentUrl\":\"https:\/\/www.imagenesyarte.com\/de\/wp-content\/uploads\/2018\/09\/Ma\u0308rchen-in-Schwarz-und-Wei\u00df-Olivia-Kemp-abdecken.jpg\",\"width\":320,\"height\":200,\"caption\":\"Ma\u0308rchen in Schwarz und Wei\u00df Olivia Kemp abdecken Kunst und Bilder\"},{\"@type\":\"BreadcrumbList\",\"@id\":\"https:\/\/www.imagenesyarte.com\/de\/2018\/09\/22\/maerchen-in-schwarz-und-weiss\/#breadcrumb\",\"itemListElement\":[{\"@type\":\"ListItem\",\"position\":1,\"name\":\"Startseite\",\"item\":\"https:\/\/www.imagenesyarte.com\/de\/\"},{\"@type\":\"ListItem\",\"position\":2,\"name\":\"M\u00e4rchen in Schwarz und Wei\u00df\"}]},{\"@type\":\"WebSite\",\"@id\":\"https:\/\/www.imagenesyarte.com\/de\/#website\",\"url\":\"https:\/\/www.imagenesyarte.com\/de\/\",\"name\":\"Kunst und Bilder\",\"description\":\"Deine t\u00e4gliche Inspiration\",\"potentialAction\":[{\"@type\":\"SearchAction\",\"target\":{\"@type\":\"EntryPoint\",\"urlTemplate\":\"https:\/\/www.imagenesyarte.com\/de\/?s={search_term_string}\"},\"query-input\":{\"@type\":\"PropertyValueSpecification\",\"valueRequired\":true,\"valueName\":\"search_term_string\"}}],\"inLanguage\":\"de\"},{\"@type\":\"Person\",\"@id\":\"https:\/\/www.imagenesyarte.com\/de\/#\/schema\/person\/a896cb6efc615ff24c7130340b1b343f\",\"name\":\"imagenesyarte\",\"image\":{\"@type\":\"ImageObject\",\"inLanguage\":\"de\",\"@id\":\"https:\/\/www.imagenesyarte.com\/de\/#\/schema\/person\/image\/\",\"url\":\"https:\/\/secure.gravatar.com\/avatar\/9eb36beb0ce11d8bfffc4170541f33caf5704b69d3e9367a1ceb24bfac782dbd?s=96&r=g\",\"contentUrl\":\"https:\/\/secure.gravatar.com\/avatar\/9eb36beb0ce11d8bfffc4170541f33caf5704b69d3e9367a1ceb24bfac782dbd?s=96&r=g\",\"caption\":\"imagenesyarte\"},\"url\":\"https:\/\/www.imagenesyarte.com\/de\/author\/imagenesyarte\/\"}]}<\/script>\n<!-- \/ Yoast SEO plugin. -->","yoast_head_json":{"title":"M\u00e4rchen in Schwarz und Wei\u00df - Kunst und Bilder","robots":{"index":"index","follow":"follow","max-snippet":"max-snippet:-1","max-image-preview":"max-image-preview:large","max-video-preview":"max-video-preview:-1"},"canonical":"https:\/\/www.imagenesyarte.com\/de\/2018\/09\/22\/maerchen-in-schwarz-und-weiss\/","og_locale":"de_DE","og_type":"article","og_title":"M\u00e4rchen in Schwarz und Wei\u00df - Kunst und Bilder","og_description":"Olivia Kemp ist eine junge K\u00fcnstlerin aus England, die einen interessanten k\u00fcnstlerischen Weg zur\u00fcckgelegt hat, mit vielen Ausstellungen und erworbenen Auszeichnungen, w\u00e4hrend ihrer kurzen, aber intensiven Karriere. Kurz weil sie eben noch sehr jung ist.","og_url":"https:\/\/www.imagenesyarte.com\/de\/2018\/09\/22\/maerchen-in-schwarz-und-weiss\/","og_site_name":"Kunst und Bilder","article_published_time":"2018-09-22T14:58:21+00:00","article_modified_time":"2018-09-22T15:03:30+00:00","og_image":[{"width":320,"height":200,"url":"https:\/\/www.imagenesyarte.com\/de\/wp-content\/uploads\/2018\/09\/Ma\u0308rchen-in-Schwarz-und-Wei\u00df-Olivia-Kemp-abdecken.jpg","type":"image\/jpeg"}],"author":"imagenesyarte","twitter_card":"summary_large_image","twitter_misc":{"Verfasst von":"imagenesyarte","Gesch\u00e4tzte Lesezeit":"3\u00a0Minuten"},"schema":{"@context":"https:\/\/schema.org","@graph":[{"@type":"Article","@id":"https:\/\/www.imagenesyarte.com\/de\/2018\/09\/22\/maerchen-in-schwarz-und-weiss\/#article","isPartOf":{"@id":"https:\/\/www.imagenesyarte.com\/de\/2018\/09\/22\/maerchen-in-schwarz-und-weiss\/"},"author":{"name":"imagenesyarte","@id":"https:\/\/www.imagenesyarte.com\/de\/#\/schema\/person\/a896cb6efc615ff24c7130340b1b343f"},"headline":"M\u00e4rchen in Schwarz und Wei\u00df","datePublished":"2018-09-22T14:58:21+00:00","dateModified":"2018-09-22T15:03:30+00:00","mainEntityOfPage":{"@id":"https:\/\/www.imagenesyarte.com\/de\/2018\/09\/22\/maerchen-in-schwarz-und-weiss\/"},"wordCount":562,"commentCount":0,"image":{"@id":"https:\/\/www.imagenesyarte.com\/de\/2018\/09\/22\/maerchen-in-schwarz-und-weiss\/#primaryimage"},"thumbnailUrl":"https:\/\/www.imagenesyarte.com\/de\/wp-content\/uploads\/2018\/09\/Ma\u0308rchen-in-Schwarz-und-Wei\u00df-Olivia-Kemp-abdecken.jpg","articleSection":["Illustrationen"],"inLanguage":"de","potentialAction":[{"@type":"CommentAction","name":"Comment","target":["https:\/\/www.imagenesyarte.com\/de\/2018\/09\/22\/maerchen-in-schwarz-und-weiss\/#respond"]}]},{"@type":"WebPage","@id":"https:\/\/www.imagenesyarte.com\/de\/2018\/09\/22\/maerchen-in-schwarz-und-weiss\/","url":"https:\/\/www.imagenesyarte.com\/de\/2018\/09\/22\/maerchen-in-schwarz-und-weiss\/","name":"M\u00e4rchen in Schwarz und Wei\u00df - Kunst und Bilder","isPartOf":{"@id":"https:\/\/www.imagenesyarte.com\/de\/#website"},"primaryImageOfPage":{"@id":"https:\/\/www.imagenesyarte.com\/de\/2018\/09\/22\/maerchen-in-schwarz-und-weiss\/#primaryimage"},"image":{"@id":"https:\/\/www.imagenesyarte.com\/de\/2018\/09\/22\/maerchen-in-schwarz-und-weiss\/#primaryimage"},"thumbnailUrl":"https:\/\/www.imagenesyarte.com\/de\/wp-content\/uploads\/2018\/09\/Ma\u0308rchen-in-Schwarz-und-Wei\u00df-Olivia-Kemp-abdecken.jpg","datePublished":"2018-09-22T14:58:21+00:00","dateModified":"2018-09-22T15:03:30+00:00","author":{"@id":"https:\/\/www.imagenesyarte.com\/de\/#\/schema\/person\/a896cb6efc615ff24c7130340b1b343f"},"breadcrumb":{"@id":"https:\/\/www.imagenesyarte.com\/de\/2018\/09\/22\/maerchen-in-schwarz-und-weiss\/#breadcrumb"},"inLanguage":"de","potentialAction":[{"@type":"ReadAction","target":["https:\/\/www.imagenesyarte.com\/de\/2018\/09\/22\/maerchen-in-schwarz-und-weiss\/"]}]},{"@type":"ImageObject","inLanguage":"de","@id":"https:\/\/www.imagenesyarte.com\/de\/2018\/09\/22\/maerchen-in-schwarz-und-weiss\/#primaryimage","url":"https:\/\/www.imagenesyarte.com\/de\/wp-content\/uploads\/2018\/09\/Ma\u0308rchen-in-Schwarz-und-Wei\u00df-Olivia-Kemp-abdecken.jpg","contentUrl":"https:\/\/www.imagenesyarte.com\/de\/wp-content\/uploads\/2018\/09\/Ma\u0308rchen-in-Schwarz-und-Wei\u00df-Olivia-Kemp-abdecken.jpg","width":320,"height":200,"caption":"Ma\u0308rchen in Schwarz und Wei\u00df Olivia Kemp abdecken Kunst und Bilder"},{"@type":"BreadcrumbList","@id":"https:\/\/www.imagenesyarte.com\/de\/2018\/09\/22\/maerchen-in-schwarz-und-weiss\/#breadcrumb","itemListElement":[{"@type":"ListItem","position":1,"name":"Startseite","item":"https:\/\/www.imagenesyarte.com\/de\/"},{"@type":"ListItem","position":2,"name":"M\u00e4rchen in Schwarz und Wei\u00df"}]},{"@type":"WebSite","@id":"https:\/\/www.imagenesyarte.com\/de\/#website","url":"https:\/\/www.imagenesyarte.com\/de\/","name":"Kunst und Bilder","description":"Deine t\u00e4gliche Inspiration","potentialAction":[{"@type":"SearchAction","target":{"@type":"EntryPoint","urlTemplate":"https:\/\/www.imagenesyarte.com\/de\/?s={search_term_string}"},"query-input":{"@type":"PropertyValueSpecification","valueRequired":true,"valueName":"search_term_string"}}],"inLanguage":"de"},{"@type":"Person","@id":"https:\/\/www.imagenesyarte.com\/de\/#\/schema\/person\/a896cb6efc615ff24c7130340b1b343f","name":"imagenesyarte","image":{"@type":"ImageObject","inLanguage":"de","@id":"https:\/\/www.imagenesyarte.com\/de\/#\/schema\/person\/image\/","url":"https:\/\/secure.gravatar.com\/avatar\/9eb36beb0ce11d8bfffc4170541f33caf5704b69d3e9367a1ceb24bfac782dbd?s=96&r=g","contentUrl":"https:\/\/secure.gravatar.com\/avatar\/9eb36beb0ce11d8bfffc4170541f33caf5704b69d3e9367a1ceb24bfac782dbd?s=96&r=g","caption":"imagenesyarte"},"url":"https:\/\/www.imagenesyarte.com\/de\/author\/imagenesyarte\/"}]}},"_links":{"self":[{"href":"https:\/\/www.imagenesyarte.com\/de\/wp-json\/wp\/v2\/posts\/3652","targetHints":{"allow":["GET"]}}],"collection":[{"href":"https:\/\/www.imagenesyarte.com\/de\/wp-json\/wp\/v2\/posts"}],"about":[{"href":"https:\/\/www.imagenesyarte.com\/de\/wp-json\/wp\/v2\/types\/post"}],"author":[{"embeddable":true,"href":"https:\/\/www.imagenesyarte.com\/de\/wp-json\/wp\/v2\/users\/1"}],"replies":[{"embeddable":true,"href":"https:\/\/www.imagenesyarte.com\/de\/wp-json\/wp\/v2\/comments?post=3652"}],"version-history":[{"count":2,"href":"https:\/\/www.imagenesyarte.com\/de\/wp-json\/wp\/v2\/posts\/3652\/revisions"}],"predecessor-version":[{"id":3654,"href":"https:\/\/www.imagenesyarte.com\/de\/wp-json\/wp\/v2\/posts\/3652\/revisions\/3654"}],"wp:featuredmedia":[{"embeddable":true,"href":"https:\/\/www.imagenesyarte.com\/de\/wp-json\/wp\/v2\/media\/3651"}],"wp:attachment":[{"href":"https:\/\/www.imagenesyarte.com\/de\/wp-json\/wp\/v2\/media?parent=3652"}],"wp:term":[{"taxonomy":"category","embeddable":true,"href":"https:\/\/www.imagenesyarte.com\/de\/wp-json\/wp\/v2\/categories?post=3652"},{"taxonomy":"post_tag","embeddable":true,"href":"https:\/\/www.imagenesyarte.com\/de\/wp-json\/wp\/v2\/tags?post=3652"}],"curies":[{"name":"wp","href":"https:\/\/api.w.org\/{rel}","templated":true}]}}