{"id":3656,"date":"2018-09-29T08:00:38","date_gmt":"2018-09-29T06:00:38","guid":{"rendered":"https:\/\/www.imagenesyarte.com\/de\/?p=3656"},"modified":"2018-09-25T18:40:26","modified_gmt":"2018-09-25T16:40:26","slug":"santiago-rusinol","status":"publish","type":"post","link":"https:\/\/www.imagenesyarte.com\/de\/2018\/09\/29\/santiago-rusinol\/","title":{"rendered":"Santiago Rusi\u00f1ol"},"content":{"rendered":"<h4><span class=\"dropcap transparent\" style=\"font-family:'Great Vibes',Arial,Tahoma,sans-serif; color:#ffc013; font-size:70px;height:70px;line-height:70px;width:70px;\">D<\/span>\neutsch<\/p>\n<\/h4>\n<h2><\/h2>\n<p>Santiago Rusi\u00f1ol wurde 1861 in Katalonien geboren und war ein emblematischer K\u00fcnstler, der sowohl die Kunst der Malerei als auch die des Schreibens voll beherrschte. W\u00e4hrend seines langen K\u00fcnstlerlebens widmete er sich der Malerei als seine k\u00fcnstlerische Hauptausdrucksform, aber er war auch ein Schriftsteller und Dramatiker; daher ist er als einer der vielseitigsten K\u00fcnstler Kataloniens in die Geschichte eingegangen.<\/p>\n<p>Im Alter von 70 Jahren starb er 1931 nach einem wohlhabenden Leben, weil er aus einer reichen Familie von Textilindustriellen stammte. Er widmete sich nicht dem Familienbetrieb, aber dieser erm\u00f6glichte ihm ein freies und angenehmes Leben, indem er in viele L\u00e4nder reisen und seine Kunst mit fremden Einfl\u00fcssen bereichern konnte.<\/p>\n<p>Seine Werke sind in erster Linie Landschaften und sein Stil ist im katalanischen Modernismus katalogisiert. Sie werden jedoch sehen, dass sie  auch vom Impressionismus beeinflusst sind, durch die Zeit, die er in Paris verbrachte.<\/p>\n<p>Selten taucht eine Person in seinem Werk auf, aber wenn sie es tut, wird sie mit derselben Meisterschaft dargestellt, wie seine sch\u00f6nen Landschaften.<\/p>\n<p>Erfahren Sie mehr \u00fcber diesen gro\u00dfartigen K\u00fcnstler, indem Sie seinen Namen im Internet eingeben.<\/p>\n<p>Die K\u00fcnsterlin <a target=\"_blank\" href=\"https:\/\/www.imagenesyarte.com\/de\/2018\/09\/22\/maerchen-in-schwarz-und-weiss\/\"><b>die letzte Woche<\/b><\/a> pr\u00e4sentiert wurde, war Olivia Kemp aus England.<\/p>\n<h2><\/h2>\n<p><center>__________<\/center><\/p>\n<h2><\/h2>\n<h4><span class=\"dropcap transparent\" style=\"font-family:'Great Vibes',Arial,Tahoma,sans-serif; color:#ffc013; font-size:70px;height:70px;line-height:70px;width:70px;\">E<\/span>\nnglish<\/p>\n<\/h4>\n<h2><\/h2>\n<p>Santiago Rusi\u00f1ol<\/p>\n<p>Born in Catalonia in 1861, Santiago Rusi\u00f1ol was an emblematic artist who dominated both the art of painting and that of letters. Throughout his long artistic life he devoted himself to painting as his main form of expression, but he was also a writer and playwright, for which he has gone down in history as one of the most versatile artists that Catalonia has given.<\/p>\n<p>At age 70 he died in 1931 after a well-off life, because he came from a rich family of textile industrialists. He did not dedicate himself to the family business, but this allowed him to live an easy and comfortable existence, being able to travel to many countries and enrich his art with foreign influences.<\/p>\n<p>His work is mainly landscape and his style is cataloged in Catalan modernism. You will see, however, that it is equally influenced by Impressionism, by the time spent in Paris.<\/p>\n<p>Rarely does a person appear in his work, but when it does, it is portrayed with the same mastery as his beautiful landscapes.<\/p>\n<p>Learn more about this great artist putting his name on the Internet.<\/p>\n<p><a target=\"_blank\" href=\"https:\/\/www.imagenesyarte.com\/de\/2018\/09\/22\/maerchen-in-schwarz-und-weiss\/\"><b>Last week<\/b><\/a> it was the artist Oliva Kemp from United Kingdom, whom we presented.<\/p>\n<p>(Note: English is not my mother language, please excuse little faults)<\/p>\n<p>no-repeat;center top;;<\/p>\n<p>auto<\/p>\n<p><img decoding=\"async\" src=\"https:\/\/www.imagenesyarte.com\/wp-content\/uploads\/2018\/09\/Santiago-Rusin\u0303ol-1.jpg\" alt=\"\"\/><\/p>\n<p>center<\/p>\n<p>https:\/\/www.imagenesyarte.com\/wp-content\/uploads\/2018\/09\/Santiago-Rusin\u0303ol-1.jpg<\/p>\n<p><img decoding=\"async\" src=\"https:\/\/www.imagenesyarte.com\/wp-content\/uploads\/2018\/09\/Santiago-Rusin\u0303ol-12.jpg\" alt=\"\"\/><\/p>\n<p>center<\/p>\n<p>https:\/\/www.imagenesyarte.com\/wp-content\/uploads\/2018\/09\/Santiago-Rusin\u0303ol-12.jpg<\/p>\n<p><img decoding=\"async\" src=\"https:\/\/www.imagenesyarte.com\/wp-content\/uploads\/2018\/09\/Santiago-Rusin\u0303ol-16.jpg\" alt=\"\"\/><\/p>\n<p>center<\/p>\n<p>https:\/\/www.imagenesyarte.com\/wp-content\/uploads\/2018\/09\/Santiago-Rusin\u0303ol-16.jpg<\/p>\n<p><img decoding=\"async\" src=\"https:\/\/www.imagenesyarte.com\/wp-content\/uploads\/2018\/09\/Santiago-Rusin\u0303ol-8.jpg\" alt=\"\"\/><\/p>\n<p>center<\/p>\n<p>https:\/\/www.imagenesyarte.com\/wp-content\/uploads\/2018\/09\/Santiago-Rusin\u0303ol-8.jpg<\/p>\n<p><img decoding=\"async\" src=\"https:\/\/www.imagenesyarte.com\/wp-content\/uploads\/2018\/09\/Santiago-Rusin\u0303ol-23.jpg\" alt=\"\"\/><\/p>\n<p>center<\/p>\n<p>https:\/\/www.imagenesyarte.com\/wp-content\/uploads\/2018\/09\/Santiago-Rusin\u0303ol-23.jpg<\/p>\n<p><img decoding=\"async\" src=\"https:\/\/www.imagenesyarte.com\/wp-content\/uploads\/2018\/09\/Santiago-Rusin\u0303ol-3.jpg\" alt=\"\"\/><\/p>\n<p>center<\/p>\n<p>https:\/\/www.imagenesyarte.com\/wp-content\/uploads\/2018\/09\/Santiago-Rusin\u0303ol-3.jpg<\/p>\n<p><img decoding=\"async\" src=\"https:\/\/www.imagenesyarte.com\/wp-content\/uploads\/2018\/09\/Santiago-Rusin\u0303ol-7.jpg\" alt=\"\"\/><\/p>\n<p>center<\/p>\n<p>https:\/\/www.imagenesyarte.com\/wp-content\/uploads\/2018\/09\/Santiago-Rusin\u0303ol-7.jpg<\/p>\n<p><img decoding=\"async\" src=\"https:\/\/www.imagenesyarte.com\/wp-content\/uploads\/2018\/09\/Santiago-Rusin\u0303ol-28.jpg\" alt=\"\"\/><\/p>\n<p>center<\/p>\n<p>https:\/\/www.imagenesyarte.com\/wp-content\/uploads\/2018\/09\/Santiago-Rusin\u0303ol-28.jpg<\/p>\n<p><img decoding=\"async\" src=\"https:\/\/www.imagenesyarte.com\/wp-content\/uploads\/2018\/09\/Santiago-Rusin\u0303ol-15.jpg\" alt=\"\"\/><\/p>\n<p>center<\/p>\n<p>https:\/\/www.imagenesyarte.com\/wp-content\/uploads\/2018\/09\/Santiago-Rusin\u0303ol-15.jpg<\/p>\n<p><img decoding=\"async\" src=\"https:\/\/www.imagenesyarte.com\/wp-content\/uploads\/2018\/09\/Santiago-Rusin\u0303ol-13.jpg\" alt=\"\"\/><\/p>\n<p>center<\/p>\n<p>https:\/\/www.imagenesyarte.com\/wp-content\/uploads\/2018\/09\/Santiago-Rusin\u0303ol-13.jpg<\/p>\n<p><img decoding=\"async\" src=\"https:\/\/www.imagenesyarte.com\/wp-content\/uploads\/2018\/09\/Santiago-Rusin\u0303ol-14.jpg\" alt=\"\"\/><\/p>\n<p>center<\/p>\n<p>https:\/\/www.imagenesyarte.com\/wp-content\/uploads\/2018\/09\/Santiago-Rusin\u0303ol-14.jpg<\/p>\n<p><img decoding=\"async\" src=\"https:\/\/www.imagenesyarte.com\/wp-content\/uploads\/2018\/09\/Santiago-Rusin\u0303ol-27.jpg\" alt=\"\"\/><\/p>\n<p>center<\/p>\n<p>https:\/\/www.imagenesyarte.com\/wp-content\/uploads\/2018\/09\/Santiago-Rusin\u0303ol-27.jpg<\/p>\n<p><img decoding=\"async\" src=\"https:\/\/www.imagenesyarte.com\/wp-content\/uploads\/2018\/09\/Santiago-Rusin\u0303ol-4.jpg\" alt=\"\"\/><\/p>\n<p>center<\/p>\n<p>https:\/\/www.imagenesyarte.com\/wp-content\/uploads\/2018\/09\/Santiago-Rusin\u0303ol-4.jpg<\/p>\n<p><img decoding=\"async\" src=\"https:\/\/www.imagenesyarte.com\/wp-content\/uploads\/2018\/09\/Santiago-Rusin\u0303ol-26.jpg\" alt=\"\"\/><\/p>\n<p>center<\/p>\n<p>https:\/\/www.imagenesyarte.com\/wp-content\/uploads\/2018\/09\/Santiago-Rusin\u0303ol-26.jpg<\/p>\n<p><img decoding=\"async\" src=\"https:\/\/www.imagenesyarte.com\/wp-content\/uploads\/2018\/09\/Santiago-Rusin\u0303ol-9.jpg\" alt=\"\"\/><\/p>\n<p>center<\/p>\n<p>https:\/\/www.imagenesyarte.com\/wp-content\/uploads\/2018\/09\/Santiago-Rusin\u0303ol-9.jpg<\/p>\n<p><img decoding=\"async\" src=\"https:\/\/www.imagenesyarte.com\/wp-content\/uploads\/2018\/09\/Santiago-Rusin\u0303ol-29.jpg\" alt=\"\"\/><\/p>\n<p>center<\/p>\n<p>https:\/\/www.imagenesyarte.com\/wp-content\/uploads\/2018\/09\/Santiago-Rusin\u0303ol-29.jpg<\/p>\n","protected":false},"excerpt":{"rendered":"<p>Santiago Rusi\u00f1ol wurde 1861 in Katalonien geboren und war ein emblematischer K\u00fcnstler, der sowohl die Kunst der Malerei als auch die des Schreibens voll beherrschte. W\u00e4hrend seines langen K\u00fcnstlerlebens widmete er sich der Malerei als seine k\u00fcnstlerische Hauptausdrucksform, aber er war auch ein Schriftsteller und Dramatiker; daher ist er als einer der vielseitigsten K\u00fcnstler Kataloniens in die Geschichte eingegangen.<\/p>\n","protected":false},"author":1,"featured_media":3657,"comment_status":"open","ping_status":"open","sticky":false,"template":"","format":"standard","meta":{"pmpro_default_level":"","footnotes":""},"categories":[23],"tags":[],"class_list":["post-3656","post","type-post","status-publish","format-standard","has-post-thumbnail","hentry","category-klassische-werke","pmpro-has-access"],"yoast_head":"<!-- This site is optimized with the Yoast SEO plugin v27.0 - https:\/\/yoast.com\/product\/yoast-seo-wordpress\/ -->\n<title>Santiago Rusi\u00f1ol - Kunst und Bilder<\/title>\n<meta name=\"robots\" content=\"index, follow, max-snippet:-1, max-image-preview:large, max-video-preview:-1\" \/>\n<link rel=\"canonical\" href=\"https:\/\/www.imagenesyarte.com\/de\/2018\/09\/29\/santiago-rusinol\/\" \/>\n<meta property=\"og:locale\" content=\"de_DE\" \/>\n<meta property=\"og:type\" content=\"article\" \/>\n<meta property=\"og:title\" content=\"Santiago Rusi\u00f1ol - Kunst und Bilder\" \/>\n<meta property=\"og:description\" content=\"Santiago Rusi\u00f1ol wurde 1861 in Katalonien geboren und war ein emblematischer K\u00fcnstler, der sowohl die Kunst der Malerei als auch die des Schreibens voll beherrschte. W\u00e4hrend seines langen K\u00fcnstlerlebens widmete er sich der Malerei als seine k\u00fcnstlerische Hauptausdrucksform, aber er war auch ein Schriftsteller und Dramatiker; daher ist er als einer der vielseitigsten K\u00fcnstler Kataloniens in die Geschichte eingegangen.\" \/>\n<meta property=\"og:url\" content=\"https:\/\/www.imagenesyarte.com\/de\/2018\/09\/29\/santiago-rusinol\/\" \/>\n<meta property=\"og:site_name\" content=\"Kunst und Bilder\" \/>\n<meta property=\"article:published_time\" content=\"2018-09-29T06:00:38+00:00\" \/>\n<meta property=\"og:image\" content=\"https:\/\/www.imagenesyarte.com\/de\/wp-content\/uploads\/2018\/09\/Santiago-Rusin\u0303ol-abdecken.jpg\" \/>\n\t<meta property=\"og:image:width\" content=\"320\" \/>\n\t<meta property=\"og:image:height\" content=\"200\" \/>\n\t<meta property=\"og:image:type\" content=\"image\/jpeg\" \/>\n<meta name=\"author\" content=\"imagenesyarte\" \/>\n<meta name=\"twitter:card\" content=\"summary_large_image\" \/>\n<meta name=\"twitter:label1\" content=\"Verfasst von\" \/>\n\t<meta name=\"twitter:data1\" content=\"imagenesyarte\" \/>\n\t<meta name=\"twitter:label2\" content=\"Gesch\u00e4tzte Lesezeit\" \/>\n\t<meta name=\"twitter:data2\" content=\"3\u00a0Minuten\" \/>\n<script type=\"application\/ld+json\" class=\"yoast-schema-graph\">{\"@context\":\"https:\/\/schema.org\",\"@graph\":[{\"@type\":\"Article\",\"@id\":\"https:\/\/www.imagenesyarte.com\/de\/2018\/09\/29\/santiago-rusinol\/#article\",\"isPartOf\":{\"@id\":\"https:\/\/www.imagenesyarte.com\/de\/2018\/09\/29\/santiago-rusinol\/\"},\"author\":{\"name\":\"imagenesyarte\",\"@id\":\"https:\/\/www.imagenesyarte.com\/de\/#\/schema\/person\/a896cb6efc615ff24c7130340b1b343f\"},\"headline\":\"Santiago Rusi\u00f1ol\",\"datePublished\":\"2018-09-29T06:00:38+00:00\",\"mainEntityOfPage\":{\"@id\":\"https:\/\/www.imagenesyarte.com\/de\/2018\/09\/29\/santiago-rusinol\/\"},\"wordCount\":607,\"commentCount\":0,\"image\":{\"@id\":\"https:\/\/www.imagenesyarte.com\/de\/2018\/09\/29\/santiago-rusinol\/#primaryimage\"},\"thumbnailUrl\":\"https:\/\/www.imagenesyarte.com\/de\/wp-content\/uploads\/2018\/09\/Santiago-Rusin\u0303ol-abdecken.jpg\",\"articleSection\":[\"Klassische Werke\"],\"inLanguage\":\"de\",\"potentialAction\":[{\"@type\":\"CommentAction\",\"name\":\"Comment\",\"target\":[\"https:\/\/www.imagenesyarte.com\/de\/2018\/09\/29\/santiago-rusinol\/#respond\"]}]},{\"@type\":\"WebPage\",\"@id\":\"https:\/\/www.imagenesyarte.com\/de\/2018\/09\/29\/santiago-rusinol\/\",\"url\":\"https:\/\/www.imagenesyarte.com\/de\/2018\/09\/29\/santiago-rusinol\/\",\"name\":\"Santiago Rusi\u00f1ol - Kunst und Bilder\",\"isPartOf\":{\"@id\":\"https:\/\/www.imagenesyarte.com\/de\/#website\"},\"primaryImageOfPage\":{\"@id\":\"https:\/\/www.imagenesyarte.com\/de\/2018\/09\/29\/santiago-rusinol\/#primaryimage\"},\"image\":{\"@id\":\"https:\/\/www.imagenesyarte.com\/de\/2018\/09\/29\/santiago-rusinol\/#primaryimage\"},\"thumbnailUrl\":\"https:\/\/www.imagenesyarte.com\/de\/wp-content\/uploads\/2018\/09\/Santiago-Rusin\u0303ol-abdecken.jpg\",\"datePublished\":\"2018-09-29T06:00:38+00:00\",\"author\":{\"@id\":\"https:\/\/www.imagenesyarte.com\/de\/#\/schema\/person\/a896cb6efc615ff24c7130340b1b343f\"},\"breadcrumb\":{\"@id\":\"https:\/\/www.imagenesyarte.com\/de\/2018\/09\/29\/santiago-rusinol\/#breadcrumb\"},\"inLanguage\":\"de\",\"potentialAction\":[{\"@type\":\"ReadAction\",\"target\":[\"https:\/\/www.imagenesyarte.com\/de\/2018\/09\/29\/santiago-rusinol\/\"]}]},{\"@type\":\"ImageObject\",\"inLanguage\":\"de\",\"@id\":\"https:\/\/www.imagenesyarte.com\/de\/2018\/09\/29\/santiago-rusinol\/#primaryimage\",\"url\":\"https:\/\/www.imagenesyarte.com\/de\/wp-content\/uploads\/2018\/09\/Santiago-Rusin\u0303ol-abdecken.jpg\",\"contentUrl\":\"https:\/\/www.imagenesyarte.com\/de\/wp-content\/uploads\/2018\/09\/Santiago-Rusin\u0303ol-abdecken.jpg\",\"width\":320,\"height\":200,\"caption\":\"Santiago Rusinol abdecken Kunst und Bilder\"},{\"@type\":\"BreadcrumbList\",\"@id\":\"https:\/\/www.imagenesyarte.com\/de\/2018\/09\/29\/santiago-rusinol\/#breadcrumb\",\"itemListElement\":[{\"@type\":\"ListItem\",\"position\":1,\"name\":\"Startseite\",\"item\":\"https:\/\/www.imagenesyarte.com\/de\/\"},{\"@type\":\"ListItem\",\"position\":2,\"name\":\"Santiago Rusi\u00f1ol\"}]},{\"@type\":\"WebSite\",\"@id\":\"https:\/\/www.imagenesyarte.com\/de\/#website\",\"url\":\"https:\/\/www.imagenesyarte.com\/de\/\",\"name\":\"Kunst und Bilder\",\"description\":\"Deine t\u00e4gliche Inspiration\",\"potentialAction\":[{\"@type\":\"SearchAction\",\"target\":{\"@type\":\"EntryPoint\",\"urlTemplate\":\"https:\/\/www.imagenesyarte.com\/de\/?s={search_term_string}\"},\"query-input\":{\"@type\":\"PropertyValueSpecification\",\"valueRequired\":true,\"valueName\":\"search_term_string\"}}],\"inLanguage\":\"de\"},{\"@type\":\"Person\",\"@id\":\"https:\/\/www.imagenesyarte.com\/de\/#\/schema\/person\/a896cb6efc615ff24c7130340b1b343f\",\"name\":\"imagenesyarte\",\"image\":{\"@type\":\"ImageObject\",\"inLanguage\":\"de\",\"@id\":\"https:\/\/www.imagenesyarte.com\/de\/#\/schema\/person\/image\/\",\"url\":\"https:\/\/secure.gravatar.com\/avatar\/9eb36beb0ce11d8bfffc4170541f33caf5704b69d3e9367a1ceb24bfac782dbd?s=96&r=g\",\"contentUrl\":\"https:\/\/secure.gravatar.com\/avatar\/9eb36beb0ce11d8bfffc4170541f33caf5704b69d3e9367a1ceb24bfac782dbd?s=96&r=g\",\"caption\":\"imagenesyarte\"},\"url\":\"https:\/\/www.imagenesyarte.com\/de\/author\/imagenesyarte\/\"}]}<\/script>\n<!-- \/ Yoast SEO plugin. -->","yoast_head_json":{"title":"Santiago Rusi\u00f1ol - Kunst und Bilder","robots":{"index":"index","follow":"follow","max-snippet":"max-snippet:-1","max-image-preview":"max-image-preview:large","max-video-preview":"max-video-preview:-1"},"canonical":"https:\/\/www.imagenesyarte.com\/de\/2018\/09\/29\/santiago-rusinol\/","og_locale":"de_DE","og_type":"article","og_title":"Santiago Rusi\u00f1ol - Kunst und Bilder","og_description":"Santiago Rusi\u00f1ol wurde 1861 in Katalonien geboren und war ein emblematischer K\u00fcnstler, der sowohl die Kunst der Malerei als auch die des Schreibens voll beherrschte. W\u00e4hrend seines langen K\u00fcnstlerlebens widmete er sich der Malerei als seine k\u00fcnstlerische Hauptausdrucksform, aber er war auch ein Schriftsteller und Dramatiker; daher ist er als einer der vielseitigsten K\u00fcnstler Kataloniens in die Geschichte eingegangen.","og_url":"https:\/\/www.imagenesyarte.com\/de\/2018\/09\/29\/santiago-rusinol\/","og_site_name":"Kunst und Bilder","article_published_time":"2018-09-29T06:00:38+00:00","og_image":[{"width":320,"height":200,"url":"https:\/\/www.imagenesyarte.com\/de\/wp-content\/uploads\/2018\/09\/Santiago-Rusin\u0303ol-abdecken.jpg","type":"image\/jpeg"}],"author":"imagenesyarte","twitter_card":"summary_large_image","twitter_misc":{"Verfasst von":"imagenesyarte","Gesch\u00e4tzte Lesezeit":"3\u00a0Minuten"},"schema":{"@context":"https:\/\/schema.org","@graph":[{"@type":"Article","@id":"https:\/\/www.imagenesyarte.com\/de\/2018\/09\/29\/santiago-rusinol\/#article","isPartOf":{"@id":"https:\/\/www.imagenesyarte.com\/de\/2018\/09\/29\/santiago-rusinol\/"},"author":{"name":"imagenesyarte","@id":"https:\/\/www.imagenesyarte.com\/de\/#\/schema\/person\/a896cb6efc615ff24c7130340b1b343f"},"headline":"Santiago Rusi\u00f1ol","datePublished":"2018-09-29T06:00:38+00:00","mainEntityOfPage":{"@id":"https:\/\/www.imagenesyarte.com\/de\/2018\/09\/29\/santiago-rusinol\/"},"wordCount":607,"commentCount":0,"image":{"@id":"https:\/\/www.imagenesyarte.com\/de\/2018\/09\/29\/santiago-rusinol\/#primaryimage"},"thumbnailUrl":"https:\/\/www.imagenesyarte.com\/de\/wp-content\/uploads\/2018\/09\/Santiago-Rusin\u0303ol-abdecken.jpg","articleSection":["Klassische Werke"],"inLanguage":"de","potentialAction":[{"@type":"CommentAction","name":"Comment","target":["https:\/\/www.imagenesyarte.com\/de\/2018\/09\/29\/santiago-rusinol\/#respond"]}]},{"@type":"WebPage","@id":"https:\/\/www.imagenesyarte.com\/de\/2018\/09\/29\/santiago-rusinol\/","url":"https:\/\/www.imagenesyarte.com\/de\/2018\/09\/29\/santiago-rusinol\/","name":"Santiago Rusi\u00f1ol - Kunst und Bilder","isPartOf":{"@id":"https:\/\/www.imagenesyarte.com\/de\/#website"},"primaryImageOfPage":{"@id":"https:\/\/www.imagenesyarte.com\/de\/2018\/09\/29\/santiago-rusinol\/#primaryimage"},"image":{"@id":"https:\/\/www.imagenesyarte.com\/de\/2018\/09\/29\/santiago-rusinol\/#primaryimage"},"thumbnailUrl":"https:\/\/www.imagenesyarte.com\/de\/wp-content\/uploads\/2018\/09\/Santiago-Rusin\u0303ol-abdecken.jpg","datePublished":"2018-09-29T06:00:38+00:00","author":{"@id":"https:\/\/www.imagenesyarte.com\/de\/#\/schema\/person\/a896cb6efc615ff24c7130340b1b343f"},"breadcrumb":{"@id":"https:\/\/www.imagenesyarte.com\/de\/2018\/09\/29\/santiago-rusinol\/#breadcrumb"},"inLanguage":"de","potentialAction":[{"@type":"ReadAction","target":["https:\/\/www.imagenesyarte.com\/de\/2018\/09\/29\/santiago-rusinol\/"]}]},{"@type":"ImageObject","inLanguage":"de","@id":"https:\/\/www.imagenesyarte.com\/de\/2018\/09\/29\/santiago-rusinol\/#primaryimage","url":"https:\/\/www.imagenesyarte.com\/de\/wp-content\/uploads\/2018\/09\/Santiago-Rusin\u0303ol-abdecken.jpg","contentUrl":"https:\/\/www.imagenesyarte.com\/de\/wp-content\/uploads\/2018\/09\/Santiago-Rusin\u0303ol-abdecken.jpg","width":320,"height":200,"caption":"Santiago Rusinol abdecken Kunst und Bilder"},{"@type":"BreadcrumbList","@id":"https:\/\/www.imagenesyarte.com\/de\/2018\/09\/29\/santiago-rusinol\/#breadcrumb","itemListElement":[{"@type":"ListItem","position":1,"name":"Startseite","item":"https:\/\/www.imagenesyarte.com\/de\/"},{"@type":"ListItem","position":2,"name":"Santiago Rusi\u00f1ol"}]},{"@type":"WebSite","@id":"https:\/\/www.imagenesyarte.com\/de\/#website","url":"https:\/\/www.imagenesyarte.com\/de\/","name":"Kunst und Bilder","description":"Deine t\u00e4gliche Inspiration","potentialAction":[{"@type":"SearchAction","target":{"@type":"EntryPoint","urlTemplate":"https:\/\/www.imagenesyarte.com\/de\/?s={search_term_string}"},"query-input":{"@type":"PropertyValueSpecification","valueRequired":true,"valueName":"search_term_string"}}],"inLanguage":"de"},{"@type":"Person","@id":"https:\/\/www.imagenesyarte.com\/de\/#\/schema\/person\/a896cb6efc615ff24c7130340b1b343f","name":"imagenesyarte","image":{"@type":"ImageObject","inLanguage":"de","@id":"https:\/\/www.imagenesyarte.com\/de\/#\/schema\/person\/image\/","url":"https:\/\/secure.gravatar.com\/avatar\/9eb36beb0ce11d8bfffc4170541f33caf5704b69d3e9367a1ceb24bfac782dbd?s=96&r=g","contentUrl":"https:\/\/secure.gravatar.com\/avatar\/9eb36beb0ce11d8bfffc4170541f33caf5704b69d3e9367a1ceb24bfac782dbd?s=96&r=g","caption":"imagenesyarte"},"url":"https:\/\/www.imagenesyarte.com\/de\/author\/imagenesyarte\/"}]}},"_links":{"self":[{"href":"https:\/\/www.imagenesyarte.com\/de\/wp-json\/wp\/v2\/posts\/3656","targetHints":{"allow":["GET"]}}],"collection":[{"href":"https:\/\/www.imagenesyarte.com\/de\/wp-json\/wp\/v2\/posts"}],"about":[{"href":"https:\/\/www.imagenesyarte.com\/de\/wp-json\/wp\/v2\/types\/post"}],"author":[{"embeddable":true,"href":"https:\/\/www.imagenesyarte.com\/de\/wp-json\/wp\/v2\/users\/1"}],"replies":[{"embeddable":true,"href":"https:\/\/www.imagenesyarte.com\/de\/wp-json\/wp\/v2\/comments?post=3656"}],"version-history":[{"count":2,"href":"https:\/\/www.imagenesyarte.com\/de\/wp-json\/wp\/v2\/posts\/3656\/revisions"}],"predecessor-version":[{"id":3659,"href":"https:\/\/www.imagenesyarte.com\/de\/wp-json\/wp\/v2\/posts\/3656\/revisions\/3659"}],"wp:featuredmedia":[{"embeddable":true,"href":"https:\/\/www.imagenesyarte.com\/de\/wp-json\/wp\/v2\/media\/3657"}],"wp:attachment":[{"href":"https:\/\/www.imagenesyarte.com\/de\/wp-json\/wp\/v2\/media?parent=3656"}],"wp:term":[{"taxonomy":"category","embeddable":true,"href":"https:\/\/www.imagenesyarte.com\/de\/wp-json\/wp\/v2\/categories?post=3656"},{"taxonomy":"post_tag","embeddable":true,"href":"https:\/\/www.imagenesyarte.com\/de\/wp-json\/wp\/v2\/tags?post=3656"}],"curies":[{"name":"wp","href":"https:\/\/api.w.org\/{rel}","templated":true}]}}