{"id":3678,"date":"2018-10-06T08:00:39","date_gmt":"2018-10-06T06:00:39","guid":{"rendered":"https:\/\/www.imagenesyarte.com\/de\/?p=3678"},"modified":"2018-10-04T17:44:09","modified_gmt":"2018-10-04T15:44:09","slug":"natur-in-ihrer-stille","status":"publish","type":"post","link":"https:\/\/www.imagenesyarte.com\/de\/2018\/10\/06\/natur-in-ihrer-stille\/","title":{"rendered":"Natur in ihrer Stille"},"content":{"rendered":"<h4><span class=\"dropcap transparent\" style=\"font-family:'Great Vibes',Arial,Tahoma,sans-serif; color:#ffc013; font-size:70px;height:70px;line-height:70px;width:70px;\">D<\/span>\neutsch<\/p>\n<\/h4>\n<h2><\/h2>\n<p>Wir pr\u00e4sentieren heute einen sehr interessanten Fotografen, Janusz Wrobel aus Polen, der seit 1982 in Kanada lebt. Seit seinen fr\u00fchen Jahren entwickelte er eine Leidenschaft f\u00fcr Fotografie und vervollst\u00e4ndigte  akademische Studien. Gleichzeitig nahm er an vielen Kunstausstellungen in seiner Heimat Polen, aber auch im Ausland teil.<\/p>\n<p>Das Thema seiner Fotografie ist sehr oft die Natur und insbesondere das Medium Wasser. Die Ausstellung \u201cAn aqueous Mind&#8220; zeigt seine meditative Arbeit \u00fcber Wasser. Es ist interessant, die Interpretation durch den K\u00fcnstler zu erfahren. Er f\u00fchrt den Betrachter in  die Betrachtung und zur Besinnung.<\/p>\n<p>Dies ist der Link zu dieser speziellen Website: <a target=\"_blank\" href=\"https:\/\/docs.wixstatic.com\/ugd\/a59fba_710722d2fca0486499d8800716cac7ab.pdf\"><b>https:\/\/docs.wixstatic.com\/ugd\/a59fba_710722d2fca0486499d8800716cac7ab.pdf<\/b><\/a> <\/p>\n<p>Und das auf seiner pers\u00f6nlichen Website: <a target=\"_blank\" href=\"https:\/\/www.januszwrobel.com\"><b>https:\/\/www.januszwrobel.com<\/b><\/a><\/p>\n<p>Genie\u00dfen Sie seine sch\u00f6nen und kontemplativen Fotografien<\/p>\n<p><a target=\"_blank\" href=\"https:\/\/www.imagenesyarte.com\/de\/2018\/09\/29\/santiago-rusinol\/\"><b>Letzte Woche<\/b><\/a> wurde der K\u00fcnstler Santiago Rusi\u00f1ol vorgestellt.<\/p>\n<h2><\/h2>\n<p><center>__________<\/center><\/p>\n<h2><\/h2>\n<h4><span class=\"dropcap transparent\" style=\"font-family:'Great Vibes',Arial,Tahoma,sans-serif; color:#ffc013; font-size:70px;height:70px;line-height:70px;width:70px;\">E<\/span>\nnglish<\/p>\n<\/h4>\n<h2><\/h2>\n<p>Nature in its stillness<\/p>\n<p>We present today a very interesting photographer, Janusz Wrobel from Poland, resident in Canada since 1982. Since his early years he developed a passion for photography and followed academic studies. But at the same time he participated in many art exhibitions, in his native Poland, but also abroad.<\/p>\n<p>The theme of his photography is very often nature and in particular water. The exhibition \u201c An aqueous Mind\u201d shows his meditative work about water. It is interesting to see the artist\u2019s interpretation of this medium. It takes you to contemplation and reflection.<\/p>\n<p>This is the link to that special site :  <a target=\"_blank\" href=\"https:\/\/docs.wixstatic.com\/ugd\/a59fba_710722d2fca0486499d8800716cac7ab.pdf\"><b>https:\/\/docs.wixstatic.com\/ugd\/a59fba_710722d2fca0486499d8800716cac7ab.pdf<\/b> <\/a><\/p>\n<p>And this to his personal website : <a target=\"_blank\" href=\"https:\/\/www.januszwrobel.com\"><b>https:\/\/www.januszwrobel.com<\/b><\/a> <\/p>\n<p>Enjoy his beautiful and soothing photographies<\/p>\n<p><a target=\"_blank\" href=\"https:\/\/www.imagenesyarte.com\/de\/2018\/09\/29\/santiago-rusinol\/\"><b>Last weeks<\/b><\/a> artist was Santiago Rusi\u00f1ol<\/p>\n<p>(Note: English is not my mother language, please excuse little faults)<\/p>\n<p>no-repeat;center top;;<\/p>\n<p>auto<\/p>\n<p><img decoding=\"async\" src=\"https:\/\/www.imagenesyarte.com\/wp-content\/uploads\/2018\/10\/La-naturaleza-en-su-quietud-Janusz-Wrobel-6.jpg\" alt=\"\"\/><\/p>\n<p>center<\/p>\n<p>https:\/\/www.imagenesyarte.com\/wp-content\/uploads\/2018\/10\/La-naturaleza-en-su-quietud-Janusz-Wrobel-6.jpg<\/p>\n<p><img decoding=\"async\" src=\"https:\/\/www.imagenesyarte.com\/wp-content\/uploads\/2018\/10\/La-naturaleza-en-su-quietud-Janusz-Wrobel-7.jpg\" alt=\"\"\/><\/p>\n<p>center<\/p>\n<p>https:\/\/www.imagenesyarte.com\/wp-content\/uploads\/2018\/10\/La-naturaleza-en-su-quietud-Janusz-Wrobel-7.jpg<\/p>\n<p><img decoding=\"async\" src=\"https:\/\/www.imagenesyarte.com\/wp-content\/uploads\/2018\/10\/La-naturaleza-en-su-quietud-Janusz-Wrobel-12.jpg\" alt=\"\"\/><\/p>\n<p>center<\/p>\n<p>https:\/\/www.imagenesyarte.com\/wp-content\/uploads\/2018\/10\/La-naturaleza-en-su-quietud-Janusz-Wrobel-12.jpg<\/p>\n<p><img decoding=\"async\" src=\"https:\/\/www.imagenesyarte.com\/wp-content\/uploads\/2018\/10\/La-naturaleza-en-su-quietud-Janusz-Wrobel-13.jpg\" alt=\"\"\/><\/p>\n<p>center<\/p>\n<p>https:\/\/www.imagenesyarte.com\/wp-content\/uploads\/2018\/10\/La-naturaleza-en-su-quietud-Janusz-Wrobel-13.jpg<\/p>\n<p><img decoding=\"async\" src=\"https:\/\/www.imagenesyarte.com\/wp-content\/uploads\/2018\/10\/La-naturaleza-en-su-quietud-Janusz-Wrobel-1.jpg\" alt=\"\"\/><\/p>\n<p>center<\/p>\n<p>https:\/\/www.imagenesyarte.com\/wp-content\/uploads\/2018\/10\/La-naturaleza-en-su-quietud-Janusz-Wrobel-1.jpg<\/p>\n<p><img decoding=\"async\" src=\"https:\/\/www.imagenesyarte.com\/wp-content\/uploads\/2018\/10\/La-naturaleza-en-su-quietud-Janusz-Wrobel-2.jpg\" alt=\"\"\/><\/p>\n<p>center<\/p>\n<p>https:\/\/www.imagenesyarte.com\/wp-content\/uploads\/2018\/10\/La-naturaleza-en-su-quietud-Janusz-Wrobel-2.jpg<\/p>\n<p><img decoding=\"async\" src=\"https:\/\/www.imagenesyarte.com\/wp-content\/uploads\/2018\/10\/La-naturaleza-en-su-quietud-Janusz-Wrobel-3.jpg\" alt=\"\"\/><\/p>\n<p>center<\/p>\n<p>https:\/\/www.imagenesyarte.com\/wp-content\/uploads\/2018\/10\/La-naturaleza-en-su-quietud-Janusz-Wrobel-3.jpg<\/p>\n<p><img decoding=\"async\" src=\"https:\/\/www.imagenesyarte.com\/wp-content\/uploads\/2018\/10\/La-naturaleza-en-su-quietud-Janusz-Wrobel-4-2.jpg\" alt=\"\"\/><\/p>\n<p>center<\/p>\n<p>https:\/\/www.imagenesyarte.com\/wp-content\/uploads\/2018\/10\/La-naturaleza-en-su-quietud-Janusz-Wrobel-4-2.jpg<\/p>\n<p><img decoding=\"async\" src=\"https:\/\/www.imagenesyarte.com\/wp-content\/uploads\/2018\/10\/La-naturaleza-en-su-quietud-Janusz-Wrobel-8.jpg\" alt=\"\"\/><\/p>\n<p>center<\/p>\n<p>https:\/\/www.imagenesyarte.com\/wp-content\/uploads\/2018\/10\/La-naturaleza-en-su-quietud-Janusz-Wrobel-8.jpg<\/p>\n<p><img decoding=\"async\" src=\"https:\/\/www.imagenesyarte.com\/wp-content\/uploads\/2018\/10\/La-naturaleza-en-su-quietud-Janusz-Wrobel-9.jpg\" alt=\"\"\/><\/p>\n<p>center<\/p>\n<p>https:\/\/www.imagenesyarte.com\/wp-content\/uploads\/2018\/10\/La-naturaleza-en-su-quietud-Janusz-Wrobel-9.jpg<\/p>\n<p><img decoding=\"async\" src=\"https:\/\/www.imagenesyarte.com\/wp-content\/uploads\/2018\/10\/La-naturaleza-en-su-quietud-Janusz-Wrobel-10.jpg\" alt=\"\"\/><\/p>\n<p>center<\/p>\n<p>https:\/\/www.imagenesyarte.com\/wp-content\/uploads\/2018\/10\/La-naturaleza-en-su-quietud-Janusz-Wrobel-10.jpg<\/p>\n<p><img decoding=\"async\" src=\"https:\/\/www.imagenesyarte.com\/wp-content\/uploads\/2018\/10\/La-naturaleza-en-su-quietud-Janusz-Wrobel-15.jpg\" alt=\"\"\/><\/p>\n<p>center<\/p>\n<p>https:\/\/www.imagenesyarte.com\/wp-content\/uploads\/2018\/10\/La-naturaleza-en-su-quietud-Janusz-Wrobel-15.jpg<\/p>\n<p><img decoding=\"async\" src=\"https:\/\/www.imagenesyarte.com\/wp-content\/uploads\/2018\/10\/La-naturaleza-en-su-quietud-Janusz-Wrobel-16.jpg\" alt=\"\"\/><\/p>\n<p>center<\/p>\n<p>https:\/\/www.imagenesyarte.com\/wp-content\/uploads\/2018\/10\/La-naturaleza-en-su-quietud-Janusz-Wrobel-16.jpg<\/p>\n<p><img decoding=\"async\" src=\"https:\/\/www.imagenesyarte.com\/wp-content\/uploads\/2018\/10\/La-naturaleza-en-su-quietud-Janusz-Wrobel-11.jpg\" alt=\"\"\/><\/p>\n<p>center<\/p>\n<p>https:\/\/www.imagenesyarte.com\/wp-content\/uploads\/2018\/10\/La-naturaleza-en-su-quietud-Janusz-Wrobel-11.jpg<\/p>\n<p><img decoding=\"async\" src=\"https:\/\/www.imagenesyarte.com\/wp-content\/uploads\/2018\/10\/La-naturaleza-en-su-quietud-Janusz-Wrobel-17.jpg\" alt=\"\"\/><\/p>\n<p>center<\/p>\n<p>https:\/\/www.imagenesyarte.com\/wp-content\/uploads\/2018\/10\/La-naturaleza-en-su-quietud-Janusz-Wrobel-17.jpg<\/p>\n<p><img decoding=\"async\" src=\"https:\/\/www.imagenesyarte.com\/wp-content\/uploads\/2018\/10\/La-naturaleza-en-su-quietud-Janusz-Wrobel-5.jpg\" alt=\"\"\/><\/p>\n<p>center<\/p>\n<p>https:\/\/www.imagenesyarte.com\/wp-content\/uploads\/2018\/10\/La-naturaleza-en-su-quietud-Janusz-Wrobel-5.jpg<\/p>\n","protected":false},"excerpt":{"rendered":"<p>Wir pr\u00e4sentieren heute einen sehr interessanten Fotografen, Janusz Wrobel aus Polen, der seit 1982 in Kanada lebt. Seit seinen fr\u00fchen Jahren entwickelte er eine Leidenschaft f\u00fcr Fotografie und vervollst\u00e4ndigte  akademische Studien. Gleichzeitig nahm er an vielen Kunstausstellungen in seiner Heimat Polen, aber auch im Ausland teil.<\/p>\n","protected":false},"author":1,"featured_media":3677,"comment_status":"open","ping_status":"open","sticky":false,"template":"","format":"standard","meta":{"pmpro_default_level":"","footnotes":""},"categories":[14],"tags":[],"class_list":["post-3678","post","type-post","status-publish","format-standard","has-post-thumbnail","hentry","category-fotografie","pmpro-has-access"],"yoast_head":"<!-- This site is optimized with the Yoast SEO plugin v27.0 - https:\/\/yoast.com\/product\/yoast-seo-wordpress\/ -->\n<title>Natur in ihrer Stille - Kunst und Bilder<\/title>\n<meta name=\"robots\" content=\"index, follow, max-snippet:-1, max-image-preview:large, max-video-preview:-1\" \/>\n<link rel=\"canonical\" href=\"https:\/\/www.imagenesyarte.com\/de\/2018\/10\/06\/natur-in-ihrer-stille\/\" \/>\n<meta property=\"og:locale\" content=\"de_DE\" \/>\n<meta property=\"og:type\" content=\"article\" \/>\n<meta property=\"og:title\" content=\"Natur in ihrer Stille - Kunst und Bilder\" \/>\n<meta property=\"og:description\" content=\"Wir pr\u00e4sentieren heute einen sehr interessanten Fotografen, Janusz Wrobel aus Polen, der seit 1982 in Kanada lebt. Seit seinen fr\u00fchen Jahren entwickelte er eine Leidenschaft f\u00fcr Fotografie und vervollst\u00e4ndigte akademische Studien. Gleichzeitig nahm er an vielen Kunstausstellungen in seiner Heimat Polen, aber auch im Ausland teil.\" \/>\n<meta property=\"og:url\" content=\"https:\/\/www.imagenesyarte.com\/de\/2018\/10\/06\/natur-in-ihrer-stille\/\" \/>\n<meta property=\"og:site_name\" content=\"Kunst und Bilder\" \/>\n<meta property=\"article:published_time\" content=\"2018-10-06T06:00:39+00:00\" \/>\n<meta property=\"og:image\" content=\"https:\/\/www.imagenesyarte.com\/de\/wp-content\/uploads\/2018\/10\/Natur-in-ihrer-Stille-Janusz-Wrobel-abdecken.jpg\" \/>\n\t<meta property=\"og:image:width\" content=\"320\" \/>\n\t<meta property=\"og:image:height\" content=\"200\" \/>\n\t<meta property=\"og:image:type\" content=\"image\/jpeg\" \/>\n<meta name=\"author\" content=\"imagenesyarte\" \/>\n<meta name=\"twitter:card\" content=\"summary_large_image\" \/>\n<meta name=\"twitter:label1\" content=\"Verfasst von\" \/>\n\t<meta name=\"twitter:data1\" content=\"imagenesyarte\" \/>\n\t<meta name=\"twitter:label2\" content=\"Gesch\u00e4tzte Lesezeit\" \/>\n\t<meta name=\"twitter:data2\" content=\"2\u00a0Minuten\" \/>\n<script type=\"application\/ld+json\" class=\"yoast-schema-graph\">{\"@context\":\"https:\/\/schema.org\",\"@graph\":[{\"@type\":\"Article\",\"@id\":\"https:\/\/www.imagenesyarte.com\/de\/2018\/10\/06\/natur-in-ihrer-stille\/#article\",\"isPartOf\":{\"@id\":\"https:\/\/www.imagenesyarte.com\/de\/2018\/10\/06\/natur-in-ihrer-stille\/\"},\"author\":{\"name\":\"imagenesyarte\",\"@id\":\"https:\/\/www.imagenesyarte.com\/de\/#\/schema\/person\/a896cb6efc615ff24c7130340b1b343f\"},\"headline\":\"Natur in ihrer Stille\",\"datePublished\":\"2018-10-06T06:00:39+00:00\",\"mainEntityOfPage\":{\"@id\":\"https:\/\/www.imagenesyarte.com\/de\/2018\/10\/06\/natur-in-ihrer-stille\/\"},\"wordCount\":475,\"commentCount\":0,\"image\":{\"@id\":\"https:\/\/www.imagenesyarte.com\/de\/2018\/10\/06\/natur-in-ihrer-stille\/#primaryimage\"},\"thumbnailUrl\":\"https:\/\/www.imagenesyarte.com\/de\/wp-content\/uploads\/2018\/10\/Natur-in-ihrer-Stille-Janusz-Wrobel-abdecken.jpg\",\"articleSection\":[\"Fotografie\"],\"inLanguage\":\"de\",\"potentialAction\":[{\"@type\":\"CommentAction\",\"name\":\"Comment\",\"target\":[\"https:\/\/www.imagenesyarte.com\/de\/2018\/10\/06\/natur-in-ihrer-stille\/#respond\"]}]},{\"@type\":\"WebPage\",\"@id\":\"https:\/\/www.imagenesyarte.com\/de\/2018\/10\/06\/natur-in-ihrer-stille\/\",\"url\":\"https:\/\/www.imagenesyarte.com\/de\/2018\/10\/06\/natur-in-ihrer-stille\/\",\"name\":\"Natur in ihrer Stille - Kunst und Bilder\",\"isPartOf\":{\"@id\":\"https:\/\/www.imagenesyarte.com\/de\/#website\"},\"primaryImageOfPage\":{\"@id\":\"https:\/\/www.imagenesyarte.com\/de\/2018\/10\/06\/natur-in-ihrer-stille\/#primaryimage\"},\"image\":{\"@id\":\"https:\/\/www.imagenesyarte.com\/de\/2018\/10\/06\/natur-in-ihrer-stille\/#primaryimage\"},\"thumbnailUrl\":\"https:\/\/www.imagenesyarte.com\/de\/wp-content\/uploads\/2018\/10\/Natur-in-ihrer-Stille-Janusz-Wrobel-abdecken.jpg\",\"datePublished\":\"2018-10-06T06:00:39+00:00\",\"author\":{\"@id\":\"https:\/\/www.imagenesyarte.com\/de\/#\/schema\/person\/a896cb6efc615ff24c7130340b1b343f\"},\"breadcrumb\":{\"@id\":\"https:\/\/www.imagenesyarte.com\/de\/2018\/10\/06\/natur-in-ihrer-stille\/#breadcrumb\"},\"inLanguage\":\"de\",\"potentialAction\":[{\"@type\":\"ReadAction\",\"target\":[\"https:\/\/www.imagenesyarte.com\/de\/2018\/10\/06\/natur-in-ihrer-stille\/\"]}]},{\"@type\":\"ImageObject\",\"inLanguage\":\"de\",\"@id\":\"https:\/\/www.imagenesyarte.com\/de\/2018\/10\/06\/natur-in-ihrer-stille\/#primaryimage\",\"url\":\"https:\/\/www.imagenesyarte.com\/de\/wp-content\/uploads\/2018\/10\/Natur-in-ihrer-Stille-Janusz-Wrobel-abdecken.jpg\",\"contentUrl\":\"https:\/\/www.imagenesyarte.com\/de\/wp-content\/uploads\/2018\/10\/Natur-in-ihrer-Stille-Janusz-Wrobel-abdecken.jpg\",\"width\":320,\"height\":200,\"caption\":\"Natur in ihrer Stille Janusz Wrobel abdecken Kunst und Bilder\"},{\"@type\":\"BreadcrumbList\",\"@id\":\"https:\/\/www.imagenesyarte.com\/de\/2018\/10\/06\/natur-in-ihrer-stille\/#breadcrumb\",\"itemListElement\":[{\"@type\":\"ListItem\",\"position\":1,\"name\":\"Startseite\",\"item\":\"https:\/\/www.imagenesyarte.com\/de\/\"},{\"@type\":\"ListItem\",\"position\":2,\"name\":\"Natur in ihrer Stille\"}]},{\"@type\":\"WebSite\",\"@id\":\"https:\/\/www.imagenesyarte.com\/de\/#website\",\"url\":\"https:\/\/www.imagenesyarte.com\/de\/\",\"name\":\"Kunst und Bilder\",\"description\":\"Deine t\u00e4gliche Inspiration\",\"potentialAction\":[{\"@type\":\"SearchAction\",\"target\":{\"@type\":\"EntryPoint\",\"urlTemplate\":\"https:\/\/www.imagenesyarte.com\/de\/?s={search_term_string}\"},\"query-input\":{\"@type\":\"PropertyValueSpecification\",\"valueRequired\":true,\"valueName\":\"search_term_string\"}}],\"inLanguage\":\"de\"},{\"@type\":\"Person\",\"@id\":\"https:\/\/www.imagenesyarte.com\/de\/#\/schema\/person\/a896cb6efc615ff24c7130340b1b343f\",\"name\":\"imagenesyarte\",\"image\":{\"@type\":\"ImageObject\",\"inLanguage\":\"de\",\"@id\":\"https:\/\/www.imagenesyarte.com\/de\/#\/schema\/person\/image\/\",\"url\":\"https:\/\/secure.gravatar.com\/avatar\/9eb36beb0ce11d8bfffc4170541f33caf5704b69d3e9367a1ceb24bfac782dbd?s=96&r=g\",\"contentUrl\":\"https:\/\/secure.gravatar.com\/avatar\/9eb36beb0ce11d8bfffc4170541f33caf5704b69d3e9367a1ceb24bfac782dbd?s=96&r=g\",\"caption\":\"imagenesyarte\"},\"url\":\"https:\/\/www.imagenesyarte.com\/de\/author\/imagenesyarte\/\"}]}<\/script>\n<!-- \/ Yoast SEO plugin. -->","yoast_head_json":{"title":"Natur in ihrer Stille - Kunst und Bilder","robots":{"index":"index","follow":"follow","max-snippet":"max-snippet:-1","max-image-preview":"max-image-preview:large","max-video-preview":"max-video-preview:-1"},"canonical":"https:\/\/www.imagenesyarte.com\/de\/2018\/10\/06\/natur-in-ihrer-stille\/","og_locale":"de_DE","og_type":"article","og_title":"Natur in ihrer Stille - Kunst und Bilder","og_description":"Wir pr\u00e4sentieren heute einen sehr interessanten Fotografen, Janusz Wrobel aus Polen, der seit 1982 in Kanada lebt. Seit seinen fr\u00fchen Jahren entwickelte er eine Leidenschaft f\u00fcr Fotografie und vervollst\u00e4ndigte akademische Studien. Gleichzeitig nahm er an vielen Kunstausstellungen in seiner Heimat Polen, aber auch im Ausland teil.","og_url":"https:\/\/www.imagenesyarte.com\/de\/2018\/10\/06\/natur-in-ihrer-stille\/","og_site_name":"Kunst und Bilder","article_published_time":"2018-10-06T06:00:39+00:00","og_image":[{"width":320,"height":200,"url":"https:\/\/www.imagenesyarte.com\/de\/wp-content\/uploads\/2018\/10\/Natur-in-ihrer-Stille-Janusz-Wrobel-abdecken.jpg","type":"image\/jpeg"}],"author":"imagenesyarte","twitter_card":"summary_large_image","twitter_misc":{"Verfasst von":"imagenesyarte","Gesch\u00e4tzte Lesezeit":"2\u00a0Minuten"},"schema":{"@context":"https:\/\/schema.org","@graph":[{"@type":"Article","@id":"https:\/\/www.imagenesyarte.com\/de\/2018\/10\/06\/natur-in-ihrer-stille\/#article","isPartOf":{"@id":"https:\/\/www.imagenesyarte.com\/de\/2018\/10\/06\/natur-in-ihrer-stille\/"},"author":{"name":"imagenesyarte","@id":"https:\/\/www.imagenesyarte.com\/de\/#\/schema\/person\/a896cb6efc615ff24c7130340b1b343f"},"headline":"Natur in ihrer Stille","datePublished":"2018-10-06T06:00:39+00:00","mainEntityOfPage":{"@id":"https:\/\/www.imagenesyarte.com\/de\/2018\/10\/06\/natur-in-ihrer-stille\/"},"wordCount":475,"commentCount":0,"image":{"@id":"https:\/\/www.imagenesyarte.com\/de\/2018\/10\/06\/natur-in-ihrer-stille\/#primaryimage"},"thumbnailUrl":"https:\/\/www.imagenesyarte.com\/de\/wp-content\/uploads\/2018\/10\/Natur-in-ihrer-Stille-Janusz-Wrobel-abdecken.jpg","articleSection":["Fotografie"],"inLanguage":"de","potentialAction":[{"@type":"CommentAction","name":"Comment","target":["https:\/\/www.imagenesyarte.com\/de\/2018\/10\/06\/natur-in-ihrer-stille\/#respond"]}]},{"@type":"WebPage","@id":"https:\/\/www.imagenesyarte.com\/de\/2018\/10\/06\/natur-in-ihrer-stille\/","url":"https:\/\/www.imagenesyarte.com\/de\/2018\/10\/06\/natur-in-ihrer-stille\/","name":"Natur in ihrer Stille - Kunst und Bilder","isPartOf":{"@id":"https:\/\/www.imagenesyarte.com\/de\/#website"},"primaryImageOfPage":{"@id":"https:\/\/www.imagenesyarte.com\/de\/2018\/10\/06\/natur-in-ihrer-stille\/#primaryimage"},"image":{"@id":"https:\/\/www.imagenesyarte.com\/de\/2018\/10\/06\/natur-in-ihrer-stille\/#primaryimage"},"thumbnailUrl":"https:\/\/www.imagenesyarte.com\/de\/wp-content\/uploads\/2018\/10\/Natur-in-ihrer-Stille-Janusz-Wrobel-abdecken.jpg","datePublished":"2018-10-06T06:00:39+00:00","author":{"@id":"https:\/\/www.imagenesyarte.com\/de\/#\/schema\/person\/a896cb6efc615ff24c7130340b1b343f"},"breadcrumb":{"@id":"https:\/\/www.imagenesyarte.com\/de\/2018\/10\/06\/natur-in-ihrer-stille\/#breadcrumb"},"inLanguage":"de","potentialAction":[{"@type":"ReadAction","target":["https:\/\/www.imagenesyarte.com\/de\/2018\/10\/06\/natur-in-ihrer-stille\/"]}]},{"@type":"ImageObject","inLanguage":"de","@id":"https:\/\/www.imagenesyarte.com\/de\/2018\/10\/06\/natur-in-ihrer-stille\/#primaryimage","url":"https:\/\/www.imagenesyarte.com\/de\/wp-content\/uploads\/2018\/10\/Natur-in-ihrer-Stille-Janusz-Wrobel-abdecken.jpg","contentUrl":"https:\/\/www.imagenesyarte.com\/de\/wp-content\/uploads\/2018\/10\/Natur-in-ihrer-Stille-Janusz-Wrobel-abdecken.jpg","width":320,"height":200,"caption":"Natur in ihrer Stille Janusz Wrobel abdecken Kunst und Bilder"},{"@type":"BreadcrumbList","@id":"https:\/\/www.imagenesyarte.com\/de\/2018\/10\/06\/natur-in-ihrer-stille\/#breadcrumb","itemListElement":[{"@type":"ListItem","position":1,"name":"Startseite","item":"https:\/\/www.imagenesyarte.com\/de\/"},{"@type":"ListItem","position":2,"name":"Natur in ihrer Stille"}]},{"@type":"WebSite","@id":"https:\/\/www.imagenesyarte.com\/de\/#website","url":"https:\/\/www.imagenesyarte.com\/de\/","name":"Kunst und Bilder","description":"Deine t\u00e4gliche Inspiration","potentialAction":[{"@type":"SearchAction","target":{"@type":"EntryPoint","urlTemplate":"https:\/\/www.imagenesyarte.com\/de\/?s={search_term_string}"},"query-input":{"@type":"PropertyValueSpecification","valueRequired":true,"valueName":"search_term_string"}}],"inLanguage":"de"},{"@type":"Person","@id":"https:\/\/www.imagenesyarte.com\/de\/#\/schema\/person\/a896cb6efc615ff24c7130340b1b343f","name":"imagenesyarte","image":{"@type":"ImageObject","inLanguage":"de","@id":"https:\/\/www.imagenesyarte.com\/de\/#\/schema\/person\/image\/","url":"https:\/\/secure.gravatar.com\/avatar\/9eb36beb0ce11d8bfffc4170541f33caf5704b69d3e9367a1ceb24bfac782dbd?s=96&r=g","contentUrl":"https:\/\/secure.gravatar.com\/avatar\/9eb36beb0ce11d8bfffc4170541f33caf5704b69d3e9367a1ceb24bfac782dbd?s=96&r=g","caption":"imagenesyarte"},"url":"https:\/\/www.imagenesyarte.com\/de\/author\/imagenesyarte\/"}]}},"_links":{"self":[{"href":"https:\/\/www.imagenesyarte.com\/de\/wp-json\/wp\/v2\/posts\/3678","targetHints":{"allow":["GET"]}}],"collection":[{"href":"https:\/\/www.imagenesyarte.com\/de\/wp-json\/wp\/v2\/posts"}],"about":[{"href":"https:\/\/www.imagenesyarte.com\/de\/wp-json\/wp\/v2\/types\/post"}],"author":[{"embeddable":true,"href":"https:\/\/www.imagenesyarte.com\/de\/wp-json\/wp\/v2\/users\/1"}],"replies":[{"embeddable":true,"href":"https:\/\/www.imagenesyarte.com\/de\/wp-json\/wp\/v2\/comments?post=3678"}],"version-history":[{"count":2,"href":"https:\/\/www.imagenesyarte.com\/de\/wp-json\/wp\/v2\/posts\/3678\/revisions"}],"predecessor-version":[{"id":3680,"href":"https:\/\/www.imagenesyarte.com\/de\/wp-json\/wp\/v2\/posts\/3678\/revisions\/3680"}],"wp:featuredmedia":[{"embeddable":true,"href":"https:\/\/www.imagenesyarte.com\/de\/wp-json\/wp\/v2\/media\/3677"}],"wp:attachment":[{"href":"https:\/\/www.imagenesyarte.com\/de\/wp-json\/wp\/v2\/media?parent=3678"}],"wp:term":[{"taxonomy":"category","embeddable":true,"href":"https:\/\/www.imagenesyarte.com\/de\/wp-json\/wp\/v2\/categories?post=3678"},{"taxonomy":"post_tag","embeddable":true,"href":"https:\/\/www.imagenesyarte.com\/de\/wp-json\/wp\/v2\/tags?post=3678"}],"curies":[{"name":"wp","href":"https:\/\/api.w.org\/{rel}","templated":true}]}}